{"id":4762,"date":"2025-09-29T08:50:50","date_gmt":"2025-09-29T08:50:50","guid":{"rendered":"https:\/\/jetnfly.com\/?p=4762"},"modified":"2025-10-06T19:23:35","modified_gmt":"2025-10-06T19:23:35","slug":"5-european-cities-to-visit-by-private-jet-this-fall","status":"publish","type":"post","link":"https:\/\/jetnfly.com\/es\/5-european-cities-to-visit-by-private-jet-this-fall\/","title":{"rendered":"5 European Cities to Visit by Private Jet This Fall"},"content":{"rendered":"\n<p>Autumn in Europe is a season of golden parks, cultural festivals, harvest feasts, and fewer crowds. It\u2019s a perfect time to explore some of the continent\u2019s most iconic cities &#8211; especially when flying private. Skip the hassle of commercial terminals and arrive closer to the heart of your destination, in comfort and style.<\/p>\n\n\n\n<p>Here are five must-visit European cities this fall, ideal for private jet travel.<\/p>\n\n\n\n<hr class=\"wp-block-separator has-alpha-channel-opacity\"\/>\n\n\n\n<h3 class=\"wp-block-heading\"><a><\/a><strong>1. Vienna, Austria<\/strong><\/h3>\n\n\n\n<p><strong>Why visit:<br><\/strong>Vienna is majestic in the fall &#8211; its grand boulevards lined with golden leaves, cozy coffeehouses beckoning, and the cultural season in full swing. From world-class opera to imperial palaces, the city blends timeless charm with elegant experiences.<\/p>\n\n\n\n<p><strong>Top fall highlights:<\/strong><\/p>\n\n\n\n<ul class=\"wp-block-list\">\n<li>Vienna State Opera season kicks off in September<br><br><\/li>\n\n\n\n<li>Stroll through Sch\u00f6nbrunn and Belvedere gardens<br><br><\/li>\n\n\n\n<li>Heuriger wine taverns in the outskirts serve fresh harvest wines<\/li>\n<\/ul>\n\n\n\n<figure class=\"wp-block-image size-large\"><img fetchpriority=\"high\" decoding=\"async\" width=\"1024\" height=\"768\" src=\"https:\/\/jetnfly.com\/wp-content\/uploads\/2025\/09\/Vienna-1024x768.jpg\" alt=\"\" class=\"wp-image-4763\" srcset=\"https:\/\/jetnfly.com\/wp-content\/uploads\/2025\/09\/Vienna-1024x768.jpg 1024w, https:\/\/jetnfly.com\/wp-content\/uploads\/2025\/09\/Vienna-300x225.jpg 300w, https:\/\/jetnfly.com\/wp-content\/uploads\/2025\/09\/Vienna-768x576.jpg 768w, https:\/\/jetnfly.com\/wp-content\/uploads\/2025\/09\/Vienna-1536x1152.jpg 1536w, https:\/\/jetnfly.com\/wp-content\/uploads\/2025\/09\/Vienna-scaled.jpg 2048w\" sizes=\"(max-width: 1024px) 100vw, 1024px\" \/><\/figure>\n\n\n\n<hr class=\"wp-block-separator has-alpha-channel-opacity\"\/>\n\n\n\n<h3 class=\"wp-block-heading\"><a><\/a><strong>2. Florence, Italy<\/strong><\/h3>\n\n\n\n<p><strong>Why visit:<br><\/strong>In autumn, Florence is cooler, quieter, and deeply romantic. Museums and galleries are less crowded, and the Tuscan countryside nearby offers olive and grape harvest tours &#8211; perfect for a cultural and culinary escape.<\/p>\n\n\n\n<p><strong>Top fall highlights:<\/strong><\/p>\n\n\n\n<ul class=\"wp-block-list\">\n<li>Enjoy the Uffizi and Accademia without the summer rush<br><br><\/li>\n\n\n\n<li>Seasonal Tuscan cuisine: truffle pasta, chestnuts, fresh olive oil<br><br><\/li>\n\n\n\n<li>Fashion boutiques and artisan leather workshops in full swing<\/li>\n<\/ul>\n\n\n\n<figure class=\"wp-block-image size-large\"><img decoding=\"async\" width=\"1024\" height=\"768\" src=\"https:\/\/jetnfly.com\/wp-content\/uploads\/2025\/09\/Florence-1024x768.jpg\" alt=\"\" class=\"wp-image-4769\" srcset=\"https:\/\/jetnfly.com\/wp-content\/uploads\/2025\/09\/Florence-1024x768.jpg 1024w, https:\/\/jetnfly.com\/wp-content\/uploads\/2025\/09\/Florence-300x225.jpg 300w, https:\/\/jetnfly.com\/wp-content\/uploads\/2025\/09\/Florence-768x576.jpg 768w, https:\/\/jetnfly.com\/wp-content\/uploads\/2025\/09\/Florence-1536x1152.jpg 1536w, https:\/\/jetnfly.com\/wp-content\/uploads\/2025\/09\/Florence-scaled.jpg 2048w\" sizes=\"(max-width: 1024px) 100vw, 1024px\" \/><\/figure>\n\n\n\n<hr class=\"wp-block-separator has-alpha-channel-opacity\"\/>\n\n\n\n<h3 class=\"wp-block-heading\"><a><\/a><strong>3. Prague, Czech Republic<\/strong><\/h3>\n\n\n\n<p><strong>Why visit:<br><\/strong>Prague transforms into a fairytale in fall &#8211; morning mists over the Vltava, amber foliage around Prague Castle, and fewer tourists on the Charles Bridge. The caf\u00e9 and jazz culture make it ideal for a cozy, stylish getaway.<\/p>\n\n\n\n<p><strong>Top fall highlights:<\/strong><\/p>\n\n\n\n<ul class=\"wp-block-list\">\n<li>Autumn colors in Letn\u00e1 Park and Pet\u0159\u00edn Hill<br><br><\/li>\n\n\n\n<li>International jazz and design festivals<br><br><\/li>\n\n\n\n<li>Explore medieval streets with the warmth of local mulled wine<\/li>\n<\/ul>\n\n\n\n<figure class=\"wp-block-image size-large\"><img decoding=\"async\" width=\"1024\" height=\"683\" src=\"https:\/\/jetnfly.com\/wp-content\/uploads\/2025\/09\/Prague-1024x683.jpg\" alt=\"\" class=\"wp-image-4772\" srcset=\"https:\/\/jetnfly.com\/wp-content\/uploads\/2025\/09\/Prague-1024x683.jpg 1024w, https:\/\/jetnfly.com\/wp-content\/uploads\/2025\/09\/Prague-300x200.jpg 300w, https:\/\/jetnfly.com\/wp-content\/uploads\/2025\/09\/Prague-768x512.jpg 768w, https:\/\/jetnfly.com\/wp-content\/uploads\/2025\/09\/Prague-1536x1024.jpg 1536w, https:\/\/jetnfly.com\/wp-content\/uploads\/2025\/09\/Prague-scaled.jpg 2048w\" sizes=\"(max-width: 1024px) 100vw, 1024px\" \/><\/figure>\n\n\n\n<hr class=\"wp-block-separator has-alpha-channel-opacity\"\/>\n\n\n\n<h3 class=\"wp-block-heading\"><a><\/a><strong>4. Barcelona, Spain<\/strong><\/h3>\n\n\n\n<p><strong>Why visit:<br><\/strong>&nbsp;Barcelona in fall is the perfect balance: warm days, fewer crowds, and the city buzzing with art, gastronomy, and culture. It\u2019s the season of food markets, art openings, and long, golden sunsets over the Mediterranean.<\/p>\n\n\n\n<p><strong>Top fall highlights:<\/strong><\/p>\n\n\n\n<ul class=\"wp-block-list\">\n<li>La Merc\u00e8 Festival (late September) with music, fireworks, and culture<br><br><\/li>\n\n\n\n<li>Dine al fresco at tapas bars without the summer heat<br><br><\/li>\n\n\n\n<li>Day trips to wine country in nearby Pened\u00e8s<\/li>\n<\/ul>\n\n\n\n<figure class=\"wp-block-image size-large\"><img loading=\"lazy\" decoding=\"async\" width=\"1024\" height=\"682\" src=\"https:\/\/jetnfly.com\/wp-content\/uploads\/2025\/09\/Barcelona-1024x682.jpg\" alt=\"\" class=\"wp-image-4775\" srcset=\"https:\/\/jetnfly.com\/wp-content\/uploads\/2025\/09\/Barcelona-1024x682.jpg 1024w, https:\/\/jetnfly.com\/wp-content\/uploads\/2025\/09\/Barcelona-300x200.jpg 300w, https:\/\/jetnfly.com\/wp-content\/uploads\/2025\/09\/Barcelona-768x512.jpg 768w, https:\/\/jetnfly.com\/wp-content\/uploads\/2025\/09\/Barcelona-1536x1023.jpg 1536w, https:\/\/jetnfly.com\/wp-content\/uploads\/2025\/09\/Barcelona-scaled.jpg 2048w\" sizes=\"(max-width: 1024px) 100vw, 1024px\" \/><\/figure>\n\n\n\n<hr class=\"wp-block-separator has-alpha-channel-opacity\"\/>\n\n\n\n<h3 class=\"wp-block-heading\"><a><\/a><strong>5. Amsterdam, Netherlands<\/strong><\/h3>\n\n\n\n<p><strong>Why visit:<br><\/strong>&nbsp;Amsterdam\u2019s canals framed by fall colors are postcard-perfect. The city is calm, reflective, and full of cultural energy. Museums are in full season mode, while the city\u2019s Michelin-starred dining scene thrives.<\/p>\n\n\n\n<p><strong>Top fall highlights:<\/strong><\/p>\n\n\n\n<ul class=\"wp-block-list\">\n<li>Canal cruises under golden trees<br><br><\/li>\n\n\n\n<li>Amsterdam Dance Event (mid-October) for music lovers<br><br><\/li>\n\n\n\n<li>Visit the Van Gogh, Rijksmuseum, or hidden local galleries<\/li>\n<\/ul>\n\n\n\n<figure class=\"wp-block-image size-large\"><img loading=\"lazy\" decoding=\"async\" width=\"1024\" height=\"684\" src=\"https:\/\/jetnfly.com\/wp-content\/uploads\/2025\/09\/Amsterdam-1024x684.jpg\" alt=\"\" class=\"wp-image-4778\" srcset=\"https:\/\/jetnfly.com\/wp-content\/uploads\/2025\/09\/Amsterdam-1024x684.jpg 1024w, https:\/\/jetnfly.com\/wp-content\/uploads\/2025\/09\/Amsterdam-300x200.jpg 300w, https:\/\/jetnfly.com\/wp-content\/uploads\/2025\/09\/Amsterdam-768x513.jpg 768w, https:\/\/jetnfly.com\/wp-content\/uploads\/2025\/09\/Amsterdam-1536x1026.jpg 1536w, https:\/\/jetnfly.com\/wp-content\/uploads\/2025\/09\/Amsterdam-scaled.jpg 2048w\" sizes=\"(max-width: 1024px) 100vw, 1024px\" \/><\/figure>\n\n\n\n<hr class=\"wp-block-separator has-alpha-channel-opacity\"\/>\n\n\n\n<h3 class=\"wp-block-heading\"><a><\/a><strong>Why Travel by Private Jet This Fall?<\/strong><\/h3>\n\n\n\n<ul class=\"wp-block-list\">\n<li><strong>Time-saving:<\/strong> Arrive closer to the city, on your schedule.<br><br><\/li>\n\n\n\n<li><strong>Flexibility:<\/strong> Combine cities in one seamless multi-stop journey.<br><br><\/li>\n\n\n\n<li><strong>Privacy &amp; comfort:<\/strong> Avoid crowds, skip lines, and relax en route.<br><br><\/li>\n\n\n\n<li><strong>Bespoke experience:<\/strong> From in-flight catering to ground transport, everything is tailored.<\/li>\n<\/ul>\n","protected":false},"excerpt":{"rendered":"<p>Autumn in Europe is a season of golden parks, cultural festivals, harvest feasts, and fewer crowds. It\u2019s a perfect time to explore some of the continent\u2019s most iconic cities &#8211; especially when flying private. Skip the hassle of commercial terminals and arrive closer to the heart of your destination, in comfort and style. Here are [&hellip;]<\/p>\n","protected":false},"author":1,"featured_media":4766,"comment_status":"closed","ping_status":"closed","sticky":false,"template":"","format":"standard","meta":{"_acf_changed":false,"footnotes":""},"categories":[25],"tags":[],"class_list":["post-4762","post","type-post","status-publish","format-standard","has-post-thumbnail","hentry","category-blog"],"acf":[],"yoast_head":"<!-- This site is optimized with the Yoast SEO plugin v27.5 - https:\/\/yoast.com\/product\/yoast-seo-wordpress\/ -->\n<title>5 European Cities to Visit by Private Jet This Fall - JET&#039;N FLY<\/title>\n<meta name=\"robots\" content=\"index, follow, max-snippet:-1, max-image-preview:large, max-video-preview:-1\" \/>\n<link rel=\"canonical\" href=\"https:\/\/jetnfly.com\/es\/5-european-cities-to-visit-by-private-jet-this-fall\/\" \/>\n<meta property=\"og:locale\" content=\"es_ES\" \/>\n<meta property=\"og:type\" content=\"article\" \/>\n<meta property=\"og:title\" content=\"5 European Cities to Visit by Private Jet This Fall - JET&#039;N FLY\" \/>\n<meta property=\"og:description\" content=\"Autumn in Europe is a season of golden parks, cultural festivals, harvest feasts, and fewer crowds. It\u2019s a perfect time to explore some of the continent\u2019s most iconic cities &#8211; especially when flying private. Skip the hassle of commercial terminals and arrive closer to the heart of your destination, in comfort and style. Here are [&hellip;]\" \/>\n<meta property=\"og:url\" content=\"https:\/\/jetnfly.com\/es\/5-european-cities-to-visit-by-private-jet-this-fall\/\" \/>\n<meta property=\"og:site_name\" content=\"JET&#039;N FLY\" \/>\n<meta property=\"article:publisher\" content=\"https:\/\/www.facebook.com\/jetnfly\" \/>\n<meta property=\"article:published_time\" content=\"2025-09-29T08:50:50+00:00\" \/>\n<meta property=\"article:modified_time\" content=\"2025-10-06T19:23:35+00:00\" \/>\n<meta property=\"og:image\" content=\"https:\/\/jetnfly.com\/wp-content\/uploads\/2025\/09\/Header-2-scaled.jpeg\" \/>\n\t<meta property=\"og:image:width\" content=\"2048\" \/>\n\t<meta property=\"og:image:height\" content=\"1366\" \/>\n\t<meta property=\"og:image:type\" content=\"image\/jpeg\" \/>\n<meta name=\"author\" content=\"milcomp\" \/>\n<meta name=\"twitter:card\" content=\"summary_large_image\" \/>\n<meta name=\"twitter:creator\" content=\"@JET_N_FLY\" \/>\n<meta name=\"twitter:site\" content=\"@JET_N_FLY\" \/>\n<meta name=\"twitter:label1\" content=\"Escrito por\" \/>\n\t<meta name=\"twitter:data1\" content=\"milcomp\" \/>\n\t<meta name=\"twitter:label2\" content=\"Tiempo de lectura\" \/>\n\t<meta name=\"twitter:data2\" content=\"4 minutos\" \/>\n<script type=\"application\/ld+json\" class=\"yoast-schema-graph\">{\"@context\":\"https:\\\/\\\/schema.org\",\"@graph\":[{\"@type\":\"Article\",\"@id\":\"https:\\\/\\\/jetnfly.com\\\/es\\\/5-european-cities-to-visit-by-private-jet-this-fall\\\/#article\",\"isPartOf\":{\"@id\":\"https:\\\/\\\/jetnfly.com\\\/es\\\/5-european-cities-to-visit-by-private-jet-this-fall\\\/\"},\"author\":{\"name\":\"milcomp\",\"@id\":\"https:\\\/\\\/jetnfly.com\\\/es\\\/#\\\/schema\\\/person\\\/f0bffeaa0a7ef556292e4ba51471c44a\"},\"headline\":\"5 European Cities to Visit by Private Jet This Fall\",\"datePublished\":\"2025-09-29T08:50:50+00:00\",\"dateModified\":\"2025-10-06T19:23:35+00:00\",\"mainEntityOfPage\":{\"@id\":\"https:\\\/\\\/jetnfly.com\\\/es\\\/5-european-cities-to-visit-by-private-jet-this-fall\\\/\"},\"wordCount\":466,\"publisher\":{\"@id\":\"https:\\\/\\\/jetnfly.com\\\/es\\\/#organization\"},\"image\":{\"@id\":\"https:\\\/\\\/jetnfly.com\\\/es\\\/5-european-cities-to-visit-by-private-jet-this-fall\\\/#primaryimage\"},\"thumbnailUrl\":\"https:\\\/\\\/jetnfly.com\\\/wp-content\\\/uploads\\\/2025\\\/09\\\/Header-2-scaled.jpeg\",\"articleSection\":[\"Blog\"],\"inLanguage\":\"es\"},{\"@type\":\"WebPage\",\"@id\":\"https:\\\/\\\/jetnfly.com\\\/es\\\/5-european-cities-to-visit-by-private-jet-this-fall\\\/\",\"url\":\"https:\\\/\\\/jetnfly.com\\\/es\\\/5-european-cities-to-visit-by-private-jet-this-fall\\\/\",\"name\":\"5 European Cities to Visit by Private Jet This Fall - JET&#039;N FLY\",\"isPartOf\":{\"@id\":\"https:\\\/\\\/jetnfly.com\\\/es\\\/#website\"},\"primaryImageOfPage\":{\"@id\":\"https:\\\/\\\/jetnfly.com\\\/es\\\/5-european-cities-to-visit-by-private-jet-this-fall\\\/#primaryimage\"},\"image\":{\"@id\":\"https:\\\/\\\/jetnfly.com\\\/es\\\/5-european-cities-to-visit-by-private-jet-this-fall\\\/#primaryimage\"},\"thumbnailUrl\":\"https:\\\/\\\/jetnfly.com\\\/wp-content\\\/uploads\\\/2025\\\/09\\\/Header-2-scaled.jpeg\",\"datePublished\":\"2025-09-29T08:50:50+00:00\",\"dateModified\":\"2025-10-06T19:23:35+00:00\",\"breadcrumb\":{\"@id\":\"https:\\\/\\\/jetnfly.com\\\/es\\\/5-european-cities-to-visit-by-private-jet-this-fall\\\/#breadcrumb\"},\"inLanguage\":\"es\",\"potentialAction\":[{\"@type\":\"ReadAction\",\"target\":[\"https:\\\/\\\/jetnfly.com\\\/es\\\/5-european-cities-to-visit-by-private-jet-this-fall\\\/\"]}]},{\"@type\":\"ImageObject\",\"inLanguage\":\"es\",\"@id\":\"https:\\\/\\\/jetnfly.com\\\/es\\\/5-european-cities-to-visit-by-private-jet-this-fall\\\/#primaryimage\",\"url\":\"https:\\\/\\\/jetnfly.com\\\/wp-content\\\/uploads\\\/2025\\\/09\\\/Header-2-scaled.jpeg\",\"contentUrl\":\"https:\\\/\\\/jetnfly.com\\\/wp-content\\\/uploads\\\/2025\\\/09\\\/Header-2-scaled.jpeg\",\"width\":2048,\"height\":1366,\"caption\":\"Mature business woman in coat near her jet in airport\"},{\"@type\":\"BreadcrumbList\",\"@id\":\"https:\\\/\\\/jetnfly.com\\\/es\\\/5-european-cities-to-visit-by-private-jet-this-fall\\\/#breadcrumb\",\"itemListElement\":[{\"@type\":\"ListItem\",\"position\":1,\"name\":\"Home\",\"item\":\"https:\\\/\\\/jetnfly.com\\\/es\\\/\"},{\"@type\":\"ListItem\",\"position\":2,\"name\":\"5 European Cities to Visit by Private Jet This Fall\"}]},{\"@type\":\"WebSite\",\"@id\":\"https:\\\/\\\/jetnfly.com\\\/es\\\/#website\",\"url\":\"https:\\\/\\\/jetnfly.com\\\/es\\\/\",\"name\":\"JET'N FLY\",\"description\":\"PRIVATE JET CHARTER - FLY YOUR WAY\",\"publisher\":{\"@id\":\"https:\\\/\\\/jetnfly.com\\\/es\\\/#organization\"},\"potentialAction\":[{\"@type\":\"SearchAction\",\"target\":{\"@type\":\"EntryPoint\",\"urlTemplate\":\"https:\\\/\\\/jetnfly.com\\\/es\\\/?s={search_term_string}\"},\"query-input\":{\"@type\":\"PropertyValueSpecification\",\"valueRequired\":true,\"valueName\":\"search_term_string\"}}],\"inLanguage\":\"es\"},{\"@type\":\"Organization\",\"@id\":\"https:\\\/\\\/jetnfly.com\\\/es\\\/#organization\",\"name\":\"JET'N FLY\",\"url\":\"https:\\\/\\\/jetnfly.com\\\/es\\\/\",\"logo\":{\"@type\":\"ImageObject\",\"inLanguage\":\"es\",\"@id\":\"https:\\\/\\\/jetnfly.com\\\/es\\\/#\\\/schema\\\/logo\\\/image\\\/\",\"url\":\"https:\\\/\\\/jetnfly.com\\\/wp-content\\\/uploads\\\/2024\\\/08\\\/cropped-header-logo-e1724495855745.png\",\"contentUrl\":\"https:\\\/\\\/jetnfly.com\\\/wp-content\\\/uploads\\\/2024\\\/08\\\/cropped-header-logo-e1724495855745.png\",\"width\":512,\"height\":512,\"caption\":\"JET'N FLY\"},\"image\":{\"@id\":\"https:\\\/\\\/jetnfly.com\\\/es\\\/#\\\/schema\\\/logo\\\/image\\\/\"},\"sameAs\":[\"https:\\\/\\\/www.facebook.com\\\/jetnfly\",\"https:\\\/\\\/x.com\\\/JET_N_FLY\"]},{\"@type\":\"Person\",\"@id\":\"https:\\\/\\\/jetnfly.com\\\/es\\\/#\\\/schema\\\/person\\\/f0bffeaa0a7ef556292e4ba51471c44a\",\"name\":\"milcomp\",\"image\":{\"@type\":\"ImageObject\",\"inLanguage\":\"es\",\"@id\":\"https:\\\/\\\/secure.gravatar.com\\\/avatar\\\/9cc838ace1dc4f692c23ff951e542273165e1076982fe90e36be7f01a4f1d4e8?s=96&d=mm&r=g\",\"url\":\"https:\\\/\\\/secure.gravatar.com\\\/avatar\\\/9cc838ace1dc4f692c23ff951e542273165e1076982fe90e36be7f01a4f1d4e8?s=96&d=mm&r=g\",\"contentUrl\":\"https:\\\/\\\/secure.gravatar.com\\\/avatar\\\/9cc838ace1dc4f692c23ff951e542273165e1076982fe90e36be7f01a4f1d4e8?s=96&d=mm&r=g\",\"caption\":\"milcomp\"},\"sameAs\":[\"https:\\\/\\\/jetnfly.com\"],\"url\":\"https:\\\/\\\/jetnfly.com\\\/es\\\/author\\\/milcomp\\\/\"}]}<\/script>\n<!-- \/ Yoast SEO plugin. -->","yoast_head_json":{"title":"5 European Cities to Visit by Private Jet This Fall - JET&#039;N FLY","robots":{"index":"index","follow":"follow","max-snippet":"max-snippet:-1","max-image-preview":"max-image-preview:large","max-video-preview":"max-video-preview:-1"},"canonical":"https:\/\/jetnfly.com\/es\/5-european-cities-to-visit-by-private-jet-this-fall\/","og_locale":"es_ES","og_type":"article","og_title":"5 European Cities to Visit by Private Jet This Fall - JET&#039;N FLY","og_description":"Autumn in Europe is a season of golden parks, cultural festivals, harvest feasts, and fewer crowds. It\u2019s a perfect time to explore some of the continent\u2019s most iconic cities &#8211; especially when flying private. Skip the hassle of commercial terminals and arrive closer to the heart of your destination, in comfort and style. Here are [&hellip;]","og_url":"https:\/\/jetnfly.com\/es\/5-european-cities-to-visit-by-private-jet-this-fall\/","og_site_name":"JET&#039;N FLY","article_publisher":"https:\/\/www.facebook.com\/jetnfly","article_published_time":"2025-09-29T08:50:50+00:00","article_modified_time":"2025-10-06T19:23:35+00:00","og_image":[{"width":2048,"height":1366,"url":"https:\/\/jetnfly.com\/wp-content\/uploads\/2025\/09\/Header-2-scaled.jpeg","type":"image\/jpeg"}],"author":"milcomp","twitter_card":"summary_large_image","twitter_creator":"@JET_N_FLY","twitter_site":"@JET_N_FLY","twitter_misc":{"Escrito por":"milcomp","Tiempo de lectura":"4 minutos"},"schema":{"@context":"https:\/\/schema.org","@graph":[{"@type":"Article","@id":"https:\/\/jetnfly.com\/es\/5-european-cities-to-visit-by-private-jet-this-fall\/#article","isPartOf":{"@id":"https:\/\/jetnfly.com\/es\/5-european-cities-to-visit-by-private-jet-this-fall\/"},"author":{"name":"milcomp","@id":"https:\/\/jetnfly.com\/es\/#\/schema\/person\/f0bffeaa0a7ef556292e4ba51471c44a"},"headline":"5 European Cities to Visit by Private Jet This Fall","datePublished":"2025-09-29T08:50:50+00:00","dateModified":"2025-10-06T19:23:35+00:00","mainEntityOfPage":{"@id":"https:\/\/jetnfly.com\/es\/5-european-cities-to-visit-by-private-jet-this-fall\/"},"wordCount":466,"publisher":{"@id":"https:\/\/jetnfly.com\/es\/#organization"},"image":{"@id":"https:\/\/jetnfly.com\/es\/5-european-cities-to-visit-by-private-jet-this-fall\/#primaryimage"},"thumbnailUrl":"https:\/\/jetnfly.com\/wp-content\/uploads\/2025\/09\/Header-2-scaled.jpeg","articleSection":["Blog"],"inLanguage":"es"},{"@type":"WebPage","@id":"https:\/\/jetnfly.com\/es\/5-european-cities-to-visit-by-private-jet-this-fall\/","url":"https:\/\/jetnfly.com\/es\/5-european-cities-to-visit-by-private-jet-this-fall\/","name":"5 European Cities to Visit by Private Jet This Fall - JET&#039;N FLY","isPartOf":{"@id":"https:\/\/jetnfly.com\/es\/#website"},"primaryImageOfPage":{"@id":"https:\/\/jetnfly.com\/es\/5-european-cities-to-visit-by-private-jet-this-fall\/#primaryimage"},"image":{"@id":"https:\/\/jetnfly.com\/es\/5-european-cities-to-visit-by-private-jet-this-fall\/#primaryimage"},"thumbnailUrl":"https:\/\/jetnfly.com\/wp-content\/uploads\/2025\/09\/Header-2-scaled.jpeg","datePublished":"2025-09-29T08:50:50+00:00","dateModified":"2025-10-06T19:23:35+00:00","breadcrumb":{"@id":"https:\/\/jetnfly.com\/es\/5-european-cities-to-visit-by-private-jet-this-fall\/#breadcrumb"},"inLanguage":"es","potentialAction":[{"@type":"ReadAction","target":["https:\/\/jetnfly.com\/es\/5-european-cities-to-visit-by-private-jet-this-fall\/"]}]},{"@type":"ImageObject","inLanguage":"es","@id":"https:\/\/jetnfly.com\/es\/5-european-cities-to-visit-by-private-jet-this-fall\/#primaryimage","url":"https:\/\/jetnfly.com\/wp-content\/uploads\/2025\/09\/Header-2-scaled.jpeg","contentUrl":"https:\/\/jetnfly.com\/wp-content\/uploads\/2025\/09\/Header-2-scaled.jpeg","width":2048,"height":1366,"caption":"Mature business woman in coat near her jet in airport"},{"@type":"BreadcrumbList","@id":"https:\/\/jetnfly.com\/es\/5-european-cities-to-visit-by-private-jet-this-fall\/#breadcrumb","itemListElement":[{"@type":"ListItem","position":1,"name":"Home","item":"https:\/\/jetnfly.com\/es\/"},{"@type":"ListItem","position":2,"name":"5 European Cities to Visit by Private Jet This Fall"}]},{"@type":"WebSite","@id":"https:\/\/jetnfly.com\/es\/#website","url":"https:\/\/jetnfly.com\/es\/","name":"JET'N FLY","description":"PRIVATE JET CHARTER - FLY YOUR WAY","publisher":{"@id":"https:\/\/jetnfly.com\/es\/#organization"},"potentialAction":[{"@type":"SearchAction","target":{"@type":"EntryPoint","urlTemplate":"https:\/\/jetnfly.com\/es\/?s={search_term_string}"},"query-input":{"@type":"PropertyValueSpecification","valueRequired":true,"valueName":"search_term_string"}}],"inLanguage":"es"},{"@type":"Organization","@id":"https:\/\/jetnfly.com\/es\/#organization","name":"JET'N FLY","url":"https:\/\/jetnfly.com\/es\/","logo":{"@type":"ImageObject","inLanguage":"es","@id":"https:\/\/jetnfly.com\/es\/#\/schema\/logo\/image\/","url":"https:\/\/jetnfly.com\/wp-content\/uploads\/2024\/08\/cropped-header-logo-e1724495855745.png","contentUrl":"https:\/\/jetnfly.com\/wp-content\/uploads\/2024\/08\/cropped-header-logo-e1724495855745.png","width":512,"height":512,"caption":"JET'N FLY"},"image":{"@id":"https:\/\/jetnfly.com\/es\/#\/schema\/logo\/image\/"},"sameAs":["https:\/\/www.facebook.com\/jetnfly","https:\/\/x.com\/JET_N_FLY"]},{"@type":"Person","@id":"https:\/\/jetnfly.com\/es\/#\/schema\/person\/f0bffeaa0a7ef556292e4ba51471c44a","name":"milcomp","image":{"@type":"ImageObject","inLanguage":"es","@id":"https:\/\/secure.gravatar.com\/avatar\/9cc838ace1dc4f692c23ff951e542273165e1076982fe90e36be7f01a4f1d4e8?s=96&d=mm&r=g","url":"https:\/\/secure.gravatar.com\/avatar\/9cc838ace1dc4f692c23ff951e542273165e1076982fe90e36be7f01a4f1d4e8?s=96&d=mm&r=g","contentUrl":"https:\/\/secure.gravatar.com\/avatar\/9cc838ace1dc4f692c23ff951e542273165e1076982fe90e36be7f01a4f1d4e8?s=96&d=mm&r=g","caption":"milcomp"},"sameAs":["https:\/\/jetnfly.com"],"url":"https:\/\/jetnfly.com\/es\/author\/milcomp\/"}]}},"_links":{"self":[{"href":"https:\/\/jetnfly.com\/es\/wp-json\/wp\/v2\/posts\/4762","targetHints":{"allow":["GET"]}}],"collection":[{"href":"https:\/\/jetnfly.com\/es\/wp-json\/wp\/v2\/posts"}],"about":[{"href":"https:\/\/jetnfly.com\/es\/wp-json\/wp\/v2\/types\/post"}],"author":[{"embeddable":true,"href":"https:\/\/jetnfly.com\/es\/wp-json\/wp\/v2\/users\/1"}],"replies":[{"embeddable":true,"href":"https:\/\/jetnfly.com\/es\/wp-json\/wp\/v2\/comments?post=4762"}],"version-history":[{"count":3,"href":"https:\/\/jetnfly.com\/es\/wp-json\/wp\/v2\/posts\/4762\/revisions"}],"predecessor-version":[{"id":4852,"href":"https:\/\/jetnfly.com\/es\/wp-json\/wp\/v2\/posts\/4762\/revisions\/4852"}],"wp:featuredmedia":[{"embeddable":true,"href":"https:\/\/jetnfly.com\/es\/wp-json\/wp\/v2\/media\/4766"}],"wp:attachment":[{"href":"https:\/\/jetnfly.com\/es\/wp-json\/wp\/v2\/media?parent=4762"}],"wp:term":[{"taxonomy":"category","embeddable":true,"href":"https:\/\/jetnfly.com\/es\/wp-json\/wp\/v2\/categories?post=4762"},{"taxonomy":"post_tag","embeddable":true,"href":"https:\/\/jetnfly.com\/es\/wp-json\/wp\/v2\/tags?post=4762"}],"curies":[{"name":"wp","href":"https:\/\/api.w.org\/{rel}","templated":true}]}}