{"id":4863,"date":"2025-09-29T07:56:35","date_gmt":"2025-09-29T07:56:35","guid":{"rendered":"https:\/\/jetnfly.com\/?p=4863"},"modified":"2025-10-27T12:15:55","modified_gmt":"2025-10-27T12:15:55","slug":"5-europaeische-weinregionen-die-sie-diesen-herbst-mit-dem-privatjet-besuchen-sollten","status":"publish","type":"post","link":"https:\/\/jetnfly.com\/de\/5-europaeische-weinregionen-die-sie-diesen-herbst-mit-dem-privatjet-besuchen-sollten\/","title":{"rendered":"5 europ\u00e4ische Weinregionen, die Sie diesen Herbst mit dem Privatjet entdecken k\u00f6nnen"},"content":{"rendered":"\n<p>Wenn sich die Bl\u00e4tter in warmen Gold- und Rott\u00f6nen f\u00e4rben, zeigen sich Europas Weinlandschaften von ihrer sch\u00f6nsten Seite: klares Licht, frische Luft und die Weinlese in vollem Gange. Eine Reise im Privatjet vereint Komfort und Flexibilit\u00e4t \u2013 Sie landen direkt in der N\u00e4he der Weinberge, umgehen den Trubel gro\u00dfer Flugh\u00e4fen und genie\u00dfen eine ganz auf Ihre W\u00fcnsche abgestimmte Weinreise. Hier sind f\u00fcnf der reizvollsten Regionen, die Sie in diesem Herbst entdecken k\u00f6nnen.<\/p>\n\n\n\n<hr class=\"wp-block-separator has-alpha-channel-opacity\"\/>\n\n\n\n<h3 class=\"wp-block-heading\"><a><\/a><strong>1. Bordeaux &amp; Saint\u2011\u00c9milion, Frankreich<\/strong><\/h3>\n\n\n\n<p><strong>Warum jetzt hinreisen:<br><\/strong>Wenn im Herbst die Weinlese beginnt, zeigt sich Bordeaux von seiner sinnlichsten Seite. In den Kellern herrscht gesch\u00e4ftiges Treiben, die Reben schimmern in Gold und Purpur, und die Luft ist erf\u00fcllt von einer weichen, herbstlichen F\u00fclle. Das mittelalterliche Saint-\u00c9milion mit seinen charaktervollen Merlots bildet den eleganten, fast privaten Gegenpol zu den prachtvollen Ch\u00e2teaux des M\u00e9doc.<\/p>\n\n\n\n<p><strong>Was Sie erleben k\u00f6nnen:<\/strong><\/p>\n\n\n\n<ul class=\"wp-block-list\">\n<li>Private F\u00fchrungen durch Grand Cru-Weing\u00fcter wie Ch\u00e2teau Margaux oder Cheval Blanc<br><br><\/li>\n\n\n\n<li>Verkostungen in jahrhundertealten, teils unterirdischen Gew\u00f6lben mit eindrucksvollen Eichenfasslagern<br><br><\/li>\n\n\n\n<li>Stimmungsvolle Panoramafahrten durch die herbstlichen Weinberge, getaucht in goldenes Licht \u2013 fernab der gro\u00dfen Besucherstr\u00f6me<br><br><\/li>\n<\/ul>\n\n\n\n<figure class=\"wp-block-image size-large\"><img fetchpriority=\"high\" decoding=\"async\" width=\"1024\" height=\"654\" src=\"https:\/\/jetnfly.com\/wp-content\/uploads\/2025\/09\/Bordeaux-1-1024x654.jpg\" alt=\"\" class=\"wp-image-4709\" srcset=\"https:\/\/jetnfly.com\/wp-content\/uploads\/2025\/09\/Bordeaux-1-1024x654.jpg 1024w, https:\/\/jetnfly.com\/wp-content\/uploads\/2025\/09\/Bordeaux-1-300x192.jpg 300w, https:\/\/jetnfly.com\/wp-content\/uploads\/2025\/09\/Bordeaux-1-768x490.jpg 768w, https:\/\/jetnfly.com\/wp-content\/uploads\/2025\/09\/Bordeaux-1-1536x980.jpg 1536w, https:\/\/jetnfly.com\/wp-content\/uploads\/2025\/09\/Bordeaux-1-2048x1307.jpg 2048w\" sizes=\"(max-width: 1024px) 100vw, 1024px\" \/><\/figure>\n\n\n\n<hr class=\"wp-block-separator has-alpha-channel-opacity\"\/>\n\n\n\n<h3 class=\"wp-block-heading\"><a><\/a><strong>2. Toskana, Italien<\/strong><\/h3>\n\n\n\n<p><strong>Warum jetzt hinreisen:<br><\/strong>Im Herbst zeigt sich die Toskana von ihrer romantischsten Seite: sanft geschwungene Weinberge, morgendlicher Nebel in den T\u00e4lern, Oliven- und Weinernte, traditionelle Feste und ein sp\u00fcrbar entschleunigtes Lebensgef\u00fchl. Das Wetter ist angenehm mild, die Sonne l\u00e4sst die Landschaft in warmen Farben leuchten.<\/p>\n\n\n\n<p><strong>Was Sie erleben k\u00f6nnen:<\/strong><\/p>\n\n\n\n<ul class=\"wp-block-list\">\n<li>Weinverkostungen in Chianti, Brunello di Montalcino und Montepulciano<br><br><\/li>\n\n\n\n<li>\u00dcbernachtungen in luxuri\u00f6sen Villen oder historischen Landg\u00fctern, begleitet von saisonaler K\u00fcche mit Tr\u00fcffeln, Pilzen und Wildgerichten<br><br><\/li>\n\n\n\n<li>Neben edlen Tropfen auch Kunst, Architektur und die herbstlich strahlenden St\u00e4dte der Region entdecken<br><\/li>\n<\/ul>\n\n\n\n<figure class=\"wp-block-image size-large\"><img decoding=\"async\" width=\"1024\" height=\"683\" src=\"https:\/\/jetnfly.com\/wp-content\/uploads\/2025\/09\/Tuscany-1-1024x683.jpg\" alt=\"\" class=\"wp-image-4712\" srcset=\"https:\/\/jetnfly.com\/wp-content\/uploads\/2025\/09\/Tuscany-1-1024x683.jpg 1024w, https:\/\/jetnfly.com\/wp-content\/uploads\/2025\/09\/Tuscany-1-300x200.jpg 300w, https:\/\/jetnfly.com\/wp-content\/uploads\/2025\/09\/Tuscany-1-768x512.jpg 768w, https:\/\/jetnfly.com\/wp-content\/uploads\/2025\/09\/Tuscany-1-1536x1025.jpg 1536w\" sizes=\"(max-width: 1024px) 100vw, 1024px\" \/><\/figure>\n\n\n\n<hr class=\"wp-block-separator has-alpha-channel-opacity\"\/>\n\n\n\n<h3 class=\"wp-block-heading\"><a><\/a><strong>3. Douro-Tal, Portugal<\/strong><\/h3>\n\n\n\n<p><strong>Warum jetzt hinreisen:<br><\/strong>Wenn der Herbst Einzug h\u00e4lt, verwandelt sich das Douro-Tal in ein wahres Farbenspiel: Terrassierte Weinberge, dramatische Flusslandschaften und buntes Laub bilden die perfekte Kulisse f\u00fcr die gesch\u00e4ftige Erntezeit. Die Portweinh\u00e4user in Porto und die idyllischen Quintas im Tal spiegeln die Vielfalt der Region \u2013 sowohl in der Landschaft als auch im Weinstil.<\/p>\n\n\n\n<p><strong>Was Sie erleben k\u00f6nnen:<\/strong><\/p>\n\n\n\n<ul class=\"wp-block-list\">\n<li>Besichtigungen historischer Weing\u00fcter (Quintas), Verkostungen von Vintage Ports sowie und neuen Rotweinen<br><br><\/li>\n\n\n\n<li>Bootstouren auf dem Douro, Wanderungen durch die Weinberge oder entspannte Fahrten entlang der terrassierten H\u00e4nge<br><br><\/li>\n\n\n\n<li>Luxusunterk\u00fcnfte mit Talblick, kombiniert mit regionaler Gourmetk\u00fcche<br><br><\/li>\n<\/ul>\n\n\n\n<figure class=\"wp-block-image size-large\"><img decoding=\"async\" width=\"1024\" height=\"683\" src=\"https:\/\/jetnfly.com\/wp-content\/uploads\/2025\/09\/Douro-Valley-1-1024x683.jpg\" alt=\"\" class=\"wp-image-4715\" srcset=\"https:\/\/jetnfly.com\/wp-content\/uploads\/2025\/09\/Douro-Valley-1-1024x683.jpg 1024w, https:\/\/jetnfly.com\/wp-content\/uploads\/2025\/09\/Douro-Valley-1-300x200.jpg 300w, https:\/\/jetnfly.com\/wp-content\/uploads\/2025\/09\/Douro-Valley-1-768x512.jpg 768w, https:\/\/jetnfly.com\/wp-content\/uploads\/2025\/09\/Douro-Valley-1-1536x1024.jpg 1536w, https:\/\/jetnfly.com\/wp-content\/uploads\/2025\/09\/Douro-Valley-1-2048x1365.jpg 2048w\" sizes=\"(max-width: 1024px) 100vw, 1024px\" \/><\/figure>\n\n\n\n<hr class=\"wp-block-separator has-alpha-channel-opacity\"\/>\n\n\n\n<h3 class=\"wp-block-heading\"><a><\/a><strong>4. Champagne &amp; C\u00f4te des Blancs \/ Reims, Frankreich<\/strong><\/h3>\n\n\n\n<p><strong>Warum jetzt hinreisen:<br><\/strong>Mit k\u00fchlerem Herbstwetter und der laufenden Weinlese entfaltet die Champagne ihre besondere Eleganz. \u00dcppige Weinberge, historische Kreidekeller und bunt gef\u00e4rbtes Herbstlaub bilden den perfekten Rahmen f\u00fcr die Welt des Schaumweins.<\/p>\n\n\n\n<p><strong>Was Sie erleben k\u00f6nnen:<\/strong><\/p>\n\n\n\n<ul class=\"wp-block-list\">\n<li>Besuche renommierter H\u00e4user wie Mo\u00ebt &amp; Chandon, Krug oder Ruinart \u2013 sowie kleinerer, exklusiverer Winzereien<br><br><\/li>\n\n\n\n<li>F\u00fchrungen durch die historischen Keller von Reims oder \u00c9pernay mit Verkostungen seltener Jahrg\u00e4nge<br><br><\/li>\n\n\n\n<li>Herbstliche Feste und saisonale Events rund um den Champagner<br><br><\/li>\n<\/ul>\n\n\n\n<figure class=\"wp-block-image size-large\"><img loading=\"lazy\" decoding=\"async\" width=\"1024\" height=\"684\" src=\"https:\/\/jetnfly.com\/wp-content\/uploads\/2025\/09\/Champagne-1-1024x684.jpg\" alt=\"\" class=\"wp-image-4718\" srcset=\"https:\/\/jetnfly.com\/wp-content\/uploads\/2025\/09\/Champagne-1-1024x684.jpg 1024w, https:\/\/jetnfly.com\/wp-content\/uploads\/2025\/09\/Champagne-1-300x200.jpg 300w, https:\/\/jetnfly.com\/wp-content\/uploads\/2025\/09\/Champagne-1-768x513.jpg 768w, https:\/\/jetnfly.com\/wp-content\/uploads\/2025\/09\/Champagne-1-1536x1025.jpg 1536w, https:\/\/jetnfly.com\/wp-content\/uploads\/2025\/09\/Champagne-1-2048x1367.jpg 2048w\" sizes=\"(max-width: 1024px) 100vw, 1024px\" \/><\/figure>\n\n\n\n<hr class=\"wp-block-separator has-alpha-channel-opacity\"\/>\n\n\n\n<h3 class=\"wp-block-heading\"><a><\/a><strong>5. Rioja &amp; Nordspanien<\/strong><\/h3>\n\n\n\n<p><strong>Warum jetzt hinreisen:<br><\/strong>Im Herbst erstrahlen die Weinberge von Rioja in einem warmen, goldenen Licht. Die Tempranillo-Trauben werden geerntet, die Eichenf\u00e4sser vorbereitet, und zahlreiche Bodegas \u00f6ffnen ihre T\u00fcren f\u00fcr exklusive Veranstaltungen. Das Wetter ist angenehm mild, die klare Herbstluft rundet das Erlebnis perfekt ab.<\/p>\n\n\n\n<p><strong>Was Sie erleben k\u00f6nnen:<\/strong><\/p>\n\n\n\n<ul class=\"wp-block-list\">\n<li>Besuche bei exklusiven Bodegas \u2013 von traditionellen Weing\u00fctern bis hin zu modernen Architekturikonen<br><br><\/li>\n\n\n\n<li>Verkostung von Reserva- und Gran-Reserva-Weinen, gereift in edlen Eichenf\u00e4ssern<br><br><\/li>\n\n\n\n<li>Eintauchen in die kulinarische Vielfalt Nordspaniens: Pintxos, exquisite Men\u00fcs und regionale Spezialit\u00e4ten wie K\u00e4se und Chorizo<br><br><\/li>\n<\/ul>\n\n\n\n<figure class=\"wp-block-image size-large\"><img loading=\"lazy\" decoding=\"async\" width=\"1024\" height=\"683\" src=\"https:\/\/jetnfly.com\/wp-content\/uploads\/2025\/09\/Rioja-1-1024x683.jpg\" alt=\"\" class=\"wp-image-4721\" srcset=\"https:\/\/jetnfly.com\/wp-content\/uploads\/2025\/09\/Rioja-1-1024x683.jpg 1024w, https:\/\/jetnfly.com\/wp-content\/uploads\/2025\/09\/Rioja-1-300x200.jpg 300w, https:\/\/jetnfly.com\/wp-content\/uploads\/2025\/09\/Rioja-1-768x512.jpg 768w, https:\/\/jetnfly.com\/wp-content\/uploads\/2025\/09\/Rioja-1-1536x1024.jpg 1536w, https:\/\/jetnfly.com\/wp-content\/uploads\/2025\/09\/Rioja-1-2048x1365.jpg 2048w\" sizes=\"(max-width: 1024px) 100vw, 1024px\" \/><\/figure>\n\n\n\n<hr class=\"wp-block-separator has-alpha-channel-opacity\"\/>\n\n\n\n<h3 class=\"wp-block-heading\"><a><\/a><strong>Praktische Tipps &amp; Empfehlungen<\/strong><\/h3>\n\n\n\n<ul class=\"wp-block-list\">\n<li><strong>Transfers einplanen:<\/strong> Auch Privatjets landen nicht immer direkt an den Weing\u00fctern. Genie\u00dfen Sie die letzte Etappe stilvoll mit einem pers\u00f6nlichen Chauffeurservice.<br><br><\/li>\n\n\n\n<li><strong>Fr\u00fchzeitig reservieren:<\/strong> Der Herbst ist Hochsaison in den Weinregionen. Private Verkostungen und Boutique-Unterk\u00fcnfte sollten daher rechtzeitig gebucht werden.<br><br><\/li>\n\n\n\n<li><strong>Ernte- und Wetterbedingungen beachten:<\/strong> Die Weinlese variiert je nach Region und Jahrgang. In w\u00e4rmeren Gegenden beginnt sie fr\u00fcher, in k\u00fchleren sp\u00e4ter. Seien Sie auf wechselhaftes Wetter vorbereitet.<br><br><\/li>\n\n\n\n<li><strong>Weintransport &amp; Gep\u00e4ck:<\/strong> Wer Wein mit nach Hause nehmen m\u00f6chte, sollte Zollbestimmungen beachten und f\u00fcr ausreichend Platz sorgen. Viele Weing\u00fcter bieten zudem Versandservices an.<br><br><\/li>\n\n\n\n<li><strong>Luxus-Erweiterungen:<\/strong> Kombinieren Sie Ihre Weinreise mit Spa-Aufenthalten, Gourmet-Dining oder kulturellen Erlebnissen \u2013 f\u00fcr ein rundum exklusives Herbstabenteuer.<\/li>\n<\/ul>\n\n\n\n<p><\/p>\n","protected":false},"excerpt":{"rendered":"<p>Wenn sich die Bl\u00e4tter in warmen Gold- und Rott\u00f6nen f\u00e4rben, zeigen sich Europas Weinlandschaften von ihrer sch\u00f6nsten Seite: klares Licht, frische Luft und die Weinlese in vollem Gange. Eine Reise im Privatjet vereint Komfort und Flexibilit\u00e4t \u2013 Sie landen direkt in der N\u00e4he der Weinberge, umgehen den Trubel gro\u00dfer Flugh\u00e4fen und genie\u00dfen eine ganz auf [&hellip;]<\/p>\n","protected":false},"author":1,"featured_media":4685,"comment_status":"closed","ping_status":"closed","sticky":false,"template":"","format":"standard","meta":{"_acf_changed":false,"footnotes":""},"categories":[29],"tags":[],"class_list":["post-4863","post","type-post","status-publish","format-standard","has-post-thumbnail","hentry","category-blog"],"acf":[],"yoast_head":"<!-- This site is optimized with the Yoast SEO plugin v27.2 - https:\/\/yoast.com\/product\/yoast-seo-wordpress\/ -->\n<title>5 Europ\u00e4ische Weinregionen im Herbst | Luxus Privatjet Weinreise<\/title>\n<meta name=\"description\" content=\"Entdecken Sie f\u00fcnf malerische Weinregionen Europas in der Herbstsaison \u2013 von Bordeaux \u00fcber die Toskana bis Rioja. Erleben Sie Weinverkostungen, goldene Landschaften &amp; exklusiven Komfort mit Privatjet.\" \/>\n<meta name=\"robots\" content=\"index, follow, max-snippet:-1, max-image-preview:large, max-video-preview:-1\" \/>\n<link rel=\"canonical\" href=\"https:\/\/jetnfly.com\/de\/5-europaeische-weinregionen-die-sie-diesen-herbst-mit-dem-privatjet-besuchen-sollten\/\" \/>\n<meta property=\"og:locale\" content=\"de_DE\" \/>\n<meta property=\"og:type\" content=\"article\" \/>\n<meta property=\"og:title\" content=\"5 Europ\u00e4ische Weinregionen im Herbst | Luxus Privatjet Weinreise\" \/>\n<meta property=\"og:description\" content=\"Entdecken Sie f\u00fcnf malerische Weinregionen Europas in der Herbstsaison \u2013 von Bordeaux \u00fcber die Toskana bis Rioja. Erleben Sie Weinverkostungen, goldene Landschaften &amp; exklusiven Komfort mit Privatjet.\" \/>\n<meta property=\"og:url\" content=\"https:\/\/jetnfly.com\/de\/5-europaeische-weinregionen-die-sie-diesen-herbst-mit-dem-privatjet-besuchen-sollten\/\" \/>\n<meta property=\"og:site_name\" content=\"JET&#039;N FLY\" \/>\n<meta property=\"article:publisher\" content=\"https:\/\/www.facebook.com\/jetnfly\" \/>\n<meta property=\"article:published_time\" content=\"2025-09-29T07:56:35+00:00\" \/>\n<meta property=\"article:modified_time\" content=\"2025-10-27T12:15:55+00:00\" \/>\n<meta property=\"og:image\" content=\"https:\/\/jetnfly.com\/wp-content\/uploads\/2025\/09\/Header-1024x683.jpeg\" \/>\n\t<meta property=\"og:image:width\" content=\"1024\" \/>\n\t<meta property=\"og:image:height\" content=\"683\" \/>\n\t<meta property=\"og:image:type\" content=\"image\/jpeg\" \/>\n<meta name=\"author\" content=\"milcomp\" \/>\n<meta name=\"twitter:card\" content=\"summary_large_image\" \/>\n<meta name=\"twitter:creator\" content=\"@JET_N_FLY\" \/>\n<meta name=\"twitter:site\" content=\"@JET_N_FLY\" \/>\n<meta name=\"twitter:label1\" content=\"Verfasst von\" \/>\n\t<meta name=\"twitter:data1\" content=\"milcomp\" \/>\n\t<meta name=\"twitter:label2\" content=\"Gesch\u00e4tzte Lesezeit\" \/>\n\t<meta name=\"twitter:data2\" content=\"4\u00a0Minuten\" \/>\n<script type=\"application\/ld+json\" class=\"yoast-schema-graph\">{\"@context\":\"https:\/\/schema.org\",\"@graph\":[{\"@type\":\"Article\",\"@id\":\"https:\/\/jetnfly.com\/de\/5-europaeische-weinregionen-die-sie-diesen-herbst-mit-dem-privatjet-besuchen-sollten\/#article\",\"isPartOf\":{\"@id\":\"https:\/\/jetnfly.com\/de\/5-europaeische-weinregionen-die-sie-diesen-herbst-mit-dem-privatjet-besuchen-sollten\/\"},\"author\":{\"name\":\"milcomp\",\"@id\":\"https:\/\/jetnfly.com\/de\/#\/schema\/person\/f0bffeaa0a7ef556292e4ba51471c44a\"},\"headline\":\"5 europ\u00e4ische Weinregionen, die Sie diesen Herbst mit dem Privatjet entdecken k\u00f6nnen\",\"datePublished\":\"2025-09-29T07:56:35+00:00\",\"dateModified\":\"2025-10-27T12:15:55+00:00\",\"mainEntityOfPage\":{\"@id\":\"https:\/\/jetnfly.com\/de\/5-europaeische-weinregionen-die-sie-diesen-herbst-mit-dem-privatjet-besuchen-sollten\/\"},\"wordCount\":722,\"publisher\":{\"@id\":\"https:\/\/jetnfly.com\/de\/#organization\"},\"image\":{\"@id\":\"https:\/\/jetnfly.com\/de\/5-europaeische-weinregionen-die-sie-diesen-herbst-mit-dem-privatjet-besuchen-sollten\/#primaryimage\"},\"thumbnailUrl\":\"https:\/\/jetnfly.com\/wp-content\/uploads\/2025\/09\/Header.jpeg\",\"articleSection\":[\"Blog\"],\"inLanguage\":\"de\"},{\"@type\":\"WebPage\",\"@id\":\"https:\/\/jetnfly.com\/de\/5-europaeische-weinregionen-die-sie-diesen-herbst-mit-dem-privatjet-besuchen-sollten\/\",\"url\":\"https:\/\/jetnfly.com\/de\/5-europaeische-weinregionen-die-sie-diesen-herbst-mit-dem-privatjet-besuchen-sollten\/\",\"name\":\"5 Europ\u00e4ische Weinregionen im Herbst | Luxus Privatjet Weinreise\",\"isPartOf\":{\"@id\":\"https:\/\/jetnfly.com\/de\/#website\"},\"primaryImageOfPage\":{\"@id\":\"https:\/\/jetnfly.com\/de\/5-europaeische-weinregionen-die-sie-diesen-herbst-mit-dem-privatjet-besuchen-sollten\/#primaryimage\"},\"image\":{\"@id\":\"https:\/\/jetnfly.com\/de\/5-europaeische-weinregionen-die-sie-diesen-herbst-mit-dem-privatjet-besuchen-sollten\/#primaryimage\"},\"thumbnailUrl\":\"https:\/\/jetnfly.com\/wp-content\/uploads\/2025\/09\/Header.jpeg\",\"datePublished\":\"2025-09-29T07:56:35+00:00\",\"dateModified\":\"2025-10-27T12:15:55+00:00\",\"description\":\"Entdecken Sie f\u00fcnf malerische Weinregionen Europas in der Herbstsaison \u2013 von Bordeaux \u00fcber die Toskana bis Rioja. Erleben Sie Weinverkostungen, goldene Landschaften & exklusiven Komfort mit Privatjet.\",\"breadcrumb\":{\"@id\":\"https:\/\/jetnfly.com\/de\/5-europaeische-weinregionen-die-sie-diesen-herbst-mit-dem-privatjet-besuchen-sollten\/#breadcrumb\"},\"inLanguage\":\"de\",\"potentialAction\":[{\"@type\":\"ReadAction\",\"target\":[\"https:\/\/jetnfly.com\/de\/5-europaeische-weinregionen-die-sie-diesen-herbst-mit-dem-privatjet-besuchen-sollten\/\"]}]},{\"@type\":\"ImageObject\",\"inLanguage\":\"de\",\"@id\":\"https:\/\/jetnfly.com\/de\/5-europaeische-weinregionen-die-sie-diesen-herbst-mit-dem-privatjet-besuchen-sollten\/#primaryimage\",\"url\":\"https:\/\/jetnfly.com\/wp-content\/uploads\/2025\/09\/Header.jpeg\",\"contentUrl\":\"https:\/\/jetnfly.com\/wp-content\/uploads\/2025\/09\/Header.jpeg\",\"width\":8192,\"height\":5464,\"caption\":\"Young woman with glass of wine in peaceful mountains\"},{\"@type\":\"BreadcrumbList\",\"@id\":\"https:\/\/jetnfly.com\/de\/5-europaeische-weinregionen-die-sie-diesen-herbst-mit-dem-privatjet-besuchen-sollten\/#breadcrumb\",\"itemListElement\":[{\"@type\":\"ListItem\",\"position\":1,\"name\":\"Home\",\"item\":\"https:\/\/jetnfly.com\/de\/\"},{\"@type\":\"ListItem\",\"position\":2,\"name\":\"5 europ\u00e4ische Weinregionen, die Sie diesen Herbst mit dem Privatjet entdecken k\u00f6nnen\"}]},{\"@type\":\"WebSite\",\"@id\":\"https:\/\/jetnfly.com\/de\/#website\",\"url\":\"https:\/\/jetnfly.com\/de\/\",\"name\":\"JET'N FLY\",\"description\":\"PRIVATE JET CHARTER - FLY YOUR WAY\",\"publisher\":{\"@id\":\"https:\/\/jetnfly.com\/de\/#organization\"},\"potentialAction\":[{\"@type\":\"SearchAction\",\"target\":{\"@type\":\"EntryPoint\",\"urlTemplate\":\"https:\/\/jetnfly.com\/de\/?s={search_term_string}\"},\"query-input\":{\"@type\":\"PropertyValueSpecification\",\"valueRequired\":true,\"valueName\":\"search_term_string\"}}],\"inLanguage\":\"de\"},{\"@type\":\"Organization\",\"@id\":\"https:\/\/jetnfly.com\/de\/#organization\",\"name\":\"JET'N FLY\",\"url\":\"https:\/\/jetnfly.com\/de\/\",\"logo\":{\"@type\":\"ImageObject\",\"inLanguage\":\"de\",\"@id\":\"https:\/\/jetnfly.com\/de\/#\/schema\/logo\/image\/\",\"url\":\"https:\/\/jetnfly.com\/wp-content\/uploads\/2024\/08\/cropped-header-logo-e1724495855745.png\",\"contentUrl\":\"https:\/\/jetnfly.com\/wp-content\/uploads\/2024\/08\/cropped-header-logo-e1724495855745.png\",\"width\":512,\"height\":512,\"caption\":\"JET'N FLY\"},\"image\":{\"@id\":\"https:\/\/jetnfly.com\/de\/#\/schema\/logo\/image\/\"},\"sameAs\":[\"https:\/\/www.facebook.com\/jetnfly\",\"https:\/\/x.com\/JET_N_FLY\"]},{\"@type\":\"Person\",\"@id\":\"https:\/\/jetnfly.com\/de\/#\/schema\/person\/f0bffeaa0a7ef556292e4ba51471c44a\",\"name\":\"milcomp\",\"image\":{\"@type\":\"ImageObject\",\"inLanguage\":\"de\",\"@id\":\"https:\/\/secure.gravatar.com\/avatar\/9cc838ace1dc4f692c23ff951e542273165e1076982fe90e36be7f01a4f1d4e8?s=96&d=mm&r=g\",\"url\":\"https:\/\/secure.gravatar.com\/avatar\/9cc838ace1dc4f692c23ff951e542273165e1076982fe90e36be7f01a4f1d4e8?s=96&d=mm&r=g\",\"contentUrl\":\"https:\/\/secure.gravatar.com\/avatar\/9cc838ace1dc4f692c23ff951e542273165e1076982fe90e36be7f01a4f1d4e8?s=96&d=mm&r=g\",\"caption\":\"milcomp\"},\"sameAs\":[\"https:\/\/jetnfly.com\"],\"url\":\"https:\/\/jetnfly.com\/de\/author\/milcomp\/\"}]}<\/script>\n<!-- \/ Yoast SEO plugin. -->","yoast_head_json":{"title":"5 Europ\u00e4ische Weinregionen im Herbst | Luxus Privatjet Weinreise","description":"Entdecken Sie f\u00fcnf malerische Weinregionen Europas in der Herbstsaison \u2013 von Bordeaux \u00fcber die Toskana bis Rioja. Erleben Sie Weinverkostungen, goldene Landschaften & exklusiven Komfort mit Privatjet.","robots":{"index":"index","follow":"follow","max-snippet":"max-snippet:-1","max-image-preview":"max-image-preview:large","max-video-preview":"max-video-preview:-1"},"canonical":"https:\/\/jetnfly.com\/de\/5-europaeische-weinregionen-die-sie-diesen-herbst-mit-dem-privatjet-besuchen-sollten\/","og_locale":"de_DE","og_type":"article","og_title":"5 Europ\u00e4ische Weinregionen im Herbst | Luxus Privatjet Weinreise","og_description":"Entdecken Sie f\u00fcnf malerische Weinregionen Europas in der Herbstsaison \u2013 von Bordeaux \u00fcber die Toskana bis Rioja. Erleben Sie Weinverkostungen, goldene Landschaften & exklusiven Komfort mit Privatjet.","og_url":"https:\/\/jetnfly.com\/de\/5-europaeische-weinregionen-die-sie-diesen-herbst-mit-dem-privatjet-besuchen-sollten\/","og_site_name":"JET&#039;N FLY","article_publisher":"https:\/\/www.facebook.com\/jetnfly","article_published_time":"2025-09-29T07:56:35+00:00","article_modified_time":"2025-10-27T12:15:55+00:00","og_image":[{"width":1024,"height":683,"url":"https:\/\/jetnfly.com\/wp-content\/uploads\/2025\/09\/Header-1024x683.jpeg","type":"image\/jpeg"}],"author":"milcomp","twitter_card":"summary_large_image","twitter_creator":"@JET_N_FLY","twitter_site":"@JET_N_FLY","twitter_misc":{"Verfasst von":"milcomp","Gesch\u00e4tzte Lesezeit":"4\u00a0Minuten"},"schema":{"@context":"https:\/\/schema.org","@graph":[{"@type":"Article","@id":"https:\/\/jetnfly.com\/de\/5-europaeische-weinregionen-die-sie-diesen-herbst-mit-dem-privatjet-besuchen-sollten\/#article","isPartOf":{"@id":"https:\/\/jetnfly.com\/de\/5-europaeische-weinregionen-die-sie-diesen-herbst-mit-dem-privatjet-besuchen-sollten\/"},"author":{"name":"milcomp","@id":"https:\/\/jetnfly.com\/de\/#\/schema\/person\/f0bffeaa0a7ef556292e4ba51471c44a"},"headline":"5 europ\u00e4ische Weinregionen, die Sie diesen Herbst mit dem Privatjet entdecken k\u00f6nnen","datePublished":"2025-09-29T07:56:35+00:00","dateModified":"2025-10-27T12:15:55+00:00","mainEntityOfPage":{"@id":"https:\/\/jetnfly.com\/de\/5-europaeische-weinregionen-die-sie-diesen-herbst-mit-dem-privatjet-besuchen-sollten\/"},"wordCount":722,"publisher":{"@id":"https:\/\/jetnfly.com\/de\/#organization"},"image":{"@id":"https:\/\/jetnfly.com\/de\/5-europaeische-weinregionen-die-sie-diesen-herbst-mit-dem-privatjet-besuchen-sollten\/#primaryimage"},"thumbnailUrl":"https:\/\/jetnfly.com\/wp-content\/uploads\/2025\/09\/Header.jpeg","articleSection":["Blog"],"inLanguage":"de"},{"@type":"WebPage","@id":"https:\/\/jetnfly.com\/de\/5-europaeische-weinregionen-die-sie-diesen-herbst-mit-dem-privatjet-besuchen-sollten\/","url":"https:\/\/jetnfly.com\/de\/5-europaeische-weinregionen-die-sie-diesen-herbst-mit-dem-privatjet-besuchen-sollten\/","name":"5 Europ\u00e4ische Weinregionen im Herbst | Luxus Privatjet Weinreise","isPartOf":{"@id":"https:\/\/jetnfly.com\/de\/#website"},"primaryImageOfPage":{"@id":"https:\/\/jetnfly.com\/de\/5-europaeische-weinregionen-die-sie-diesen-herbst-mit-dem-privatjet-besuchen-sollten\/#primaryimage"},"image":{"@id":"https:\/\/jetnfly.com\/de\/5-europaeische-weinregionen-die-sie-diesen-herbst-mit-dem-privatjet-besuchen-sollten\/#primaryimage"},"thumbnailUrl":"https:\/\/jetnfly.com\/wp-content\/uploads\/2025\/09\/Header.jpeg","datePublished":"2025-09-29T07:56:35+00:00","dateModified":"2025-10-27T12:15:55+00:00","description":"Entdecken Sie f\u00fcnf malerische Weinregionen Europas in der Herbstsaison \u2013 von Bordeaux \u00fcber die Toskana bis Rioja. Erleben Sie Weinverkostungen, goldene Landschaften & exklusiven Komfort mit Privatjet.","breadcrumb":{"@id":"https:\/\/jetnfly.com\/de\/5-europaeische-weinregionen-die-sie-diesen-herbst-mit-dem-privatjet-besuchen-sollten\/#breadcrumb"},"inLanguage":"de","potentialAction":[{"@type":"ReadAction","target":["https:\/\/jetnfly.com\/de\/5-europaeische-weinregionen-die-sie-diesen-herbst-mit-dem-privatjet-besuchen-sollten\/"]}]},{"@type":"ImageObject","inLanguage":"de","@id":"https:\/\/jetnfly.com\/de\/5-europaeische-weinregionen-die-sie-diesen-herbst-mit-dem-privatjet-besuchen-sollten\/#primaryimage","url":"https:\/\/jetnfly.com\/wp-content\/uploads\/2025\/09\/Header.jpeg","contentUrl":"https:\/\/jetnfly.com\/wp-content\/uploads\/2025\/09\/Header.jpeg","width":8192,"height":5464,"caption":"Young woman with glass of wine in peaceful mountains"},{"@type":"BreadcrumbList","@id":"https:\/\/jetnfly.com\/de\/5-europaeische-weinregionen-die-sie-diesen-herbst-mit-dem-privatjet-besuchen-sollten\/#breadcrumb","itemListElement":[{"@type":"ListItem","position":1,"name":"Home","item":"https:\/\/jetnfly.com\/de\/"},{"@type":"ListItem","position":2,"name":"5 europ\u00e4ische Weinregionen, die Sie diesen Herbst mit dem Privatjet entdecken k\u00f6nnen"}]},{"@type":"WebSite","@id":"https:\/\/jetnfly.com\/de\/#website","url":"https:\/\/jetnfly.com\/de\/","name":"JET'N FLY","description":"PRIVATE JET CHARTER - FLY YOUR WAY","publisher":{"@id":"https:\/\/jetnfly.com\/de\/#organization"},"potentialAction":[{"@type":"SearchAction","target":{"@type":"EntryPoint","urlTemplate":"https:\/\/jetnfly.com\/de\/?s={search_term_string}"},"query-input":{"@type":"PropertyValueSpecification","valueRequired":true,"valueName":"search_term_string"}}],"inLanguage":"de"},{"@type":"Organization","@id":"https:\/\/jetnfly.com\/de\/#organization","name":"JET'N FLY","url":"https:\/\/jetnfly.com\/de\/","logo":{"@type":"ImageObject","inLanguage":"de","@id":"https:\/\/jetnfly.com\/de\/#\/schema\/logo\/image\/","url":"https:\/\/jetnfly.com\/wp-content\/uploads\/2024\/08\/cropped-header-logo-e1724495855745.png","contentUrl":"https:\/\/jetnfly.com\/wp-content\/uploads\/2024\/08\/cropped-header-logo-e1724495855745.png","width":512,"height":512,"caption":"JET'N FLY"},"image":{"@id":"https:\/\/jetnfly.com\/de\/#\/schema\/logo\/image\/"},"sameAs":["https:\/\/www.facebook.com\/jetnfly","https:\/\/x.com\/JET_N_FLY"]},{"@type":"Person","@id":"https:\/\/jetnfly.com\/de\/#\/schema\/person\/f0bffeaa0a7ef556292e4ba51471c44a","name":"milcomp","image":{"@type":"ImageObject","inLanguage":"de","@id":"https:\/\/secure.gravatar.com\/avatar\/9cc838ace1dc4f692c23ff951e542273165e1076982fe90e36be7f01a4f1d4e8?s=96&d=mm&r=g","url":"https:\/\/secure.gravatar.com\/avatar\/9cc838ace1dc4f692c23ff951e542273165e1076982fe90e36be7f01a4f1d4e8?s=96&d=mm&r=g","contentUrl":"https:\/\/secure.gravatar.com\/avatar\/9cc838ace1dc4f692c23ff951e542273165e1076982fe90e36be7f01a4f1d4e8?s=96&d=mm&r=g","caption":"milcomp"},"sameAs":["https:\/\/jetnfly.com"],"url":"https:\/\/jetnfly.com\/de\/author\/milcomp\/"}]}},"_links":{"self":[{"href":"https:\/\/jetnfly.com\/de\/wp-json\/wp\/v2\/posts\/4863","targetHints":{"allow":["GET"]}}],"collection":[{"href":"https:\/\/jetnfly.com\/de\/wp-json\/wp\/v2\/posts"}],"about":[{"href":"https:\/\/jetnfly.com\/de\/wp-json\/wp\/v2\/types\/post"}],"author":[{"embeddable":true,"href":"https:\/\/jetnfly.com\/de\/wp-json\/wp\/v2\/users\/1"}],"replies":[{"embeddable":true,"href":"https:\/\/jetnfly.com\/de\/wp-json\/wp\/v2\/comments?post=4863"}],"version-history":[{"count":7,"href":"https:\/\/jetnfly.com\/de\/wp-json\/wp\/v2\/posts\/4863\/revisions"}],"predecessor-version":[{"id":4967,"href":"https:\/\/jetnfly.com\/de\/wp-json\/wp\/v2\/posts\/4863\/revisions\/4967"}],"wp:featuredmedia":[{"embeddable":true,"href":"https:\/\/jetnfly.com\/de\/wp-json\/wp\/v2\/media\/4685"}],"wp:attachment":[{"href":"https:\/\/jetnfly.com\/de\/wp-json\/wp\/v2\/media?parent=4863"}],"wp:term":[{"taxonomy":"category","embeddable":true,"href":"https:\/\/jetnfly.com\/de\/wp-json\/wp\/v2\/categories?post=4863"},{"taxonomy":"post_tag","embeddable":true,"href":"https:\/\/jetnfly.com\/de\/wp-json\/wp\/v2\/tags?post=4863"}],"curies":[{"name":"wp","href":"https:\/\/api.w.org\/{rel}","templated":true}]}}