{"id":4856,"date":"2025-09-29T08:50:50","date_gmt":"2025-09-29T08:50:50","guid":{"rendered":"https:\/\/jetnfly.com\/?p=4856"},"modified":"2025-10-26T14:18:28","modified_gmt":"2025-10-26T14:18:28","slug":"5-europaische-stadte-die-sie-diesen-herbst-mit-dem-privatjet-entdecken-sollten","status":"publish","type":"post","link":"https:\/\/jetnfly.com\/de\/5-europaische-stadte-die-sie-diesen-herbst-mit-dem-privatjet-entdecken-sollten\/","title":{"rendered":"5 europ\u00e4ische St\u00e4dte, die Sie diesen Herbst mit dem Privatjet entdecken sollten"},"content":{"rendered":"\n<p>Wenn sich das Laub in leuchtendes Gold und tiefes Rot verwandelt, zeigt sich Europa von seiner vielleicht sch\u00f6nsten Seite. Der Herbst l\u00e4dt zu genussvollen Reisen ein \u2013 zu Spazierg\u00e4ngen durch still gewordene Altst\u00e4dte, zu kulturellen H\u00f6hepunkten und kulinarischen Erntefesten, fernab des sommerlichen Trubels.<\/p>\n\n\n\n<p>Wer diese Jahreszeit in vollen Z\u00fcgen erleben m\u00f6chte, reist am besten mit dem Privatjet: flexibel, exklusiv und ohne die Hektik \u00fcberf\u00fcllter Flugh\u00e4fen. So erreichen Sie Ihre Ziele direkt \u2013 und landen dort, wo Europa im Herbst seine ganze Pracht entfaltet.<\/p>\n\n\n\n<p>Hier sind f\u00fcnf St\u00e4dte, die in dieser Saison besonders bezaubern \u2013 ideal f\u00fcr eine stilvolle Reise mit dem Privatjet.<\/p>\n\n\n\n<hr class=\"wp-block-separator has-alpha-channel-opacity\"\/>\n\n\n\n<h3 class=\"wp-block-heading\"><a><\/a><strong>1. Wien, \u00d6sterreich<\/strong><\/h3>\n\n\n\n<p><strong>Warum besuchen:<br><\/strong>Im Herbst zeigt sich Wien von seiner majest\u00e4tischsten Seite: Die Prachtboulevards erstrahlen in warmen Goldt\u00f6nen, in den Kaffeeh\u00e4usern duftet es nach frisch gebr\u00fchtem Mokka, und die Kultursaison erreicht ihren glanzvollen H\u00f6hepunkt. Zwischen Opern von Weltrang, imperialer Architektur und einer Atmosph\u00e4re voll klassischer Eleganz entfaltet die Stadt ihren unverwechselbaren Zauber \u2013 eine Melange aus Geschichte, Musik und Lebenskunst.<\/p>\n\n\n\n<p><strong>Herbstliche Highlights:<\/strong><\/p>\n\n\n\n<ul class=\"wp-block-list\">\n<li>Saisoner\u00f6ffnung der Wiener Staatsoper im September<br><br><\/li>\n\n\n\n<li>Spazierg\u00e4nge durch die herbstlich leuchtenden G\u00e4rten von Sch\u00f6nbrunn und Belvedere<br><br><\/li>\n\n\n\n<li>Traditionelle Heurigenlokale am Stadtrand mit frischem Sturm und regionalen Spezialit\u00e4ten<br><br><\/li>\n<\/ul>\n\n\n\n<figure class=\"wp-block-image size-large\"><img fetchpriority=\"high\" decoding=\"async\" width=\"1024\" height=\"768\" src=\"https:\/\/jetnfly.com\/wp-content\/uploads\/2025\/09\/Vienna-1024x768.jpg\" alt=\"\" class=\"wp-image-4764\" srcset=\"https:\/\/jetnfly.com\/wp-content\/uploads\/2025\/09\/Vienna-1024x768.jpg 1024w, https:\/\/jetnfly.com\/wp-content\/uploads\/2025\/09\/Vienna-300x225.jpg 300w, https:\/\/jetnfly.com\/wp-content\/uploads\/2025\/09\/Vienna-768x576.jpg 768w, https:\/\/jetnfly.com\/wp-content\/uploads\/2025\/09\/Vienna-1536x1152.jpg 1536w, https:\/\/jetnfly.com\/wp-content\/uploads\/2025\/09\/Vienna-2048x1536.jpg 2048w\" sizes=\"(max-width: 1024px) 100vw, 1024px\" \/><\/figure>\n\n\n\n<hr class=\"wp-block-separator has-alpha-channel-opacity\"\/>\n\n\n\n<h3 class=\"wp-block-heading\"><a><\/a><strong>2. Florenz, Italien<\/strong><\/h3>\n\n\n\n<p><strong>Warum besuchen:<br><\/strong>Wenn der Sommer weicht und ein sanfter Herbst \u00fcber die Toskana zieht, zeigt sich Florenz von seiner romantischsten Seite. Die Stadt atmet Ruhe \u2013 in den Museen und Galerien ist es stiller, die Pl\u00e4tze leuchten im milden Nachmittagslicht, und \u00fcber den D\u00e4chern liegt der Duft von ger\u00f6steten Kastanien. Wer Kunst, Kultur und Kulinarik liebt, findet hier die perfekte Auszeit: Zwischen Renaissance-Meisterwerken und sanften H\u00fcgeln locken Oliven- und Weinlesen, die die toskanische Lebensfreude sp\u00fcrbar machen.<\/p>\n\n\n\n<p><strong>Herbstliche Highlights:<\/strong><\/p>\n\n\n\n<ul class=\"wp-block-list\">\n<li>Die Uffizien und die Accademia ohne sommerlichen Andrang genie\u00dfen<br><br><\/li>\n\n\n\n<li>Saisonale toskanische K\u00fcche mit Tr\u00fcffelpasta, Kastanien und frisch gepresstem Oliven\u00f6l<br><br><\/li>\n\n\n\n<li>Florenz\u2019 Modeboutiquen und handwerkliche Ledermanufakturen erleben<br><br><\/li>\n<\/ul>\n\n\n\n<figure class=\"wp-block-image size-large\"><img decoding=\"async\" width=\"1024\" height=\"768\" src=\"https:\/\/jetnfly.com\/wp-content\/uploads\/2025\/09\/Florence-1024x768.jpg\" alt=\"\" class=\"wp-image-4770\" srcset=\"https:\/\/jetnfly.com\/wp-content\/uploads\/2025\/09\/Florence-1024x768.jpg 1024w, https:\/\/jetnfly.com\/wp-content\/uploads\/2025\/09\/Florence-300x225.jpg 300w, https:\/\/jetnfly.com\/wp-content\/uploads\/2025\/09\/Florence-768x576.jpg 768w, https:\/\/jetnfly.com\/wp-content\/uploads\/2025\/09\/Florence-1536x1152.jpg 1536w, https:\/\/jetnfly.com\/wp-content\/uploads\/2025\/09\/Florence-2048x1536.jpg 2048w\" sizes=\"(max-width: 1024px) 100vw, 1024px\" \/><\/figure>\n\n\n\n<hr class=\"wp-block-separator has-alpha-channel-opacity\"\/>\n\n\n\n<h3 class=\"wp-block-heading\"><strong>3. Prag, <strong>Tschechien<\/strong><\/strong><\/h3>\n\n\n\n<p><strong>Warum besuchen:<br><\/strong>Im Herbst verwandelt sich Prag in ein wahres M\u00e4rchen aus Nebel und Gold. Morgendlicher Dunst \u00fcber der Moldau, Bernsteinfarben rund um die Prager Burg und stillere Stra\u00dfen auf der Karlsbr\u00fccke verleihen der Stadt eine magische Ruhe. In den charmanten Caf\u00e9s oder Jazzclubs l\u00e4sst sich das Leben stilvoll genie\u00dfen. Prag ist die perfekte Mischung aus Geschichte, Musik und herbstlicher Gelassenheit \u2013 ideal f\u00fcr eine kultivierte Auszeit.<\/p>\n\n\n\n<p><strong>Herbstliche Highlights:<\/strong><\/p>\n\n\n\n<ul class=\"wp-block-list\">\n<li>Farbenpracht in den Parks Letn\u00e1 und Pet\u0159\u00edn mit Blick \u00fcber die Altstadt<br><br><\/li>\n\n\n\n<li>Internationale Jazz- und Designfestivals im Stadtzentrum<br><br><\/li>\n\n\n\n<li>Spazierg\u00e4nge durch mittelalterliche Gassen \u2013 mit einer Tasse hei\u00dfen Gl\u00fchweins in der Hand<br><br><\/li>\n<\/ul>\n\n\n\n<figure class=\"wp-block-image size-large\"><img decoding=\"async\" width=\"1024\" height=\"683\" src=\"https:\/\/jetnfly.com\/wp-content\/uploads\/2025\/09\/Prague-1024x683.jpg\" alt=\"\" class=\"wp-image-4773\" srcset=\"https:\/\/jetnfly.com\/wp-content\/uploads\/2025\/09\/Prague-1024x683.jpg 1024w, https:\/\/jetnfly.com\/wp-content\/uploads\/2025\/09\/Prague-300x200.jpg 300w, https:\/\/jetnfly.com\/wp-content\/uploads\/2025\/09\/Prague-768x512.jpg 768w, https:\/\/jetnfly.com\/wp-content\/uploads\/2025\/09\/Prague-1536x1024.jpg 1536w, https:\/\/jetnfly.com\/wp-content\/uploads\/2025\/09\/Prague-2048x1365.jpg 2048w\" sizes=\"(max-width: 1024px) 100vw, 1024px\" \/><\/figure>\n\n\n\n<hr class=\"wp-block-separator has-alpha-channel-opacity\"\/>\n\n\n\n<h3 class=\"wp-block-heading\"><a><\/a><strong>4. Barcelona, Spanien<\/strong><\/h3>\n\n\n\n<p><strong>Warum besuchen:<br><\/strong>Barcelona entfaltet zu dieser Jahreszeit ihre perfekte Balance: Die Tage sind noch warm, die sommerlichen Menschenmassen sind verschwunden, und die Stadt pulsiert dennoch voller Kunst, Kulinarik und kultureller Energie. Jetzt ist die Zeit f\u00fcr lebhafte M\u00e4rkte, spannende Ausstellungen und lange, goldene Sonnenunterg\u00e4nge \u00fcber dem Mittelmeer \u2013 ein unvergleichlicher Mix aus Lebensfreude und Eleganz.<\/p>\n\n\n\n<p><strong>Herbstliche Highlights:<\/strong><\/p>\n\n\n\n<ul class=\"wp-block-list\">\n<li>La Merc\u00e8 Festival Ende September: Musik, Feuerwerk und kulturelle H\u00f6hepunkte<br><br><\/li>\n\n\n\n<li>Tapas unter freiem Himmel genie\u00dfen, ohne die dr\u00fcckende Sommerhitze<br><br><\/li>\n\n\n\n<li>Tagesausfl\u00fcge ins nahegelegene Weinland Pened\u00e8s, um lokale Weine zu verkosten<br><br><\/li>\n<\/ul>\n\n\n\n<figure class=\"wp-block-image size-large\"><img loading=\"lazy\" decoding=\"async\" width=\"1024\" height=\"682\" src=\"https:\/\/jetnfly.com\/wp-content\/uploads\/2025\/09\/Barcelona-1024x682.jpg\" alt=\"\" class=\"wp-image-4776\" srcset=\"https:\/\/jetnfly.com\/wp-content\/uploads\/2025\/09\/Barcelona-1024x682.jpg 1024w, https:\/\/jetnfly.com\/wp-content\/uploads\/2025\/09\/Barcelona-300x200.jpg 300w, https:\/\/jetnfly.com\/wp-content\/uploads\/2025\/09\/Barcelona-768x512.jpg 768w, https:\/\/jetnfly.com\/wp-content\/uploads\/2025\/09\/Barcelona-1536x1023.jpg 1536w, https:\/\/jetnfly.com\/wp-content\/uploads\/2025\/09\/Barcelona-2048x1364.jpg 2048w\" sizes=\"(max-width: 1024px) 100vw, 1024px\" \/><\/figure>\n\n\n\n<hr class=\"wp-block-separator has-alpha-channel-opacity\"\/>\n\n\n\n<h3 class=\"wp-block-heading\"><a><\/a><strong>5. Amsterdam, Niederlande<\/strong><\/h3>\n\n\n\n<p><strong>Warum besuchen:<br><\/strong>Wenn die Bl\u00e4tter entlang der Grachten in warme Gold- und Rott\u00f6ne tauchen, zeigt sich Amsterdam von seiner vielleicht fotogensten Seite. Die Stadt wirkt ruhig und reflektierend, gleichzeitig pulsiert sie vor kultureller Energie. Museen \u00f6ffnen ihre T\u00fcren f\u00fcr die neue Saison, und die Sternek\u00fcche der Stadt lockt Gourmets in stilvoller Atmosph\u00e4re. Ein Spaziergang durch die Altstadt oder eine Fahrt auf den stillen Kan\u00e4len wird so zu einem sinnlichen Erlebnis zwischen Kunst, Architektur und herbstlicher Stimmung.<\/p>\n\n\n\n<p><strong>Herbstliche Highlights:<\/strong><\/p>\n\n\n\n<ul class=\"wp-block-list\">\n<li>Grachtenfahrten unter goldenen Baumkronen<br><br><\/li>\n\n\n\n<li>Amsterdam Dance Event Mitte Oktober f\u00fcr Musikliebhaber<br><br><\/li>\n\n\n\n<li>Besuch des Van-Gogh-Museums, des Rijksmuseums oder kleiner, verborgener Galerien<br><br><\/li>\n<\/ul>\n\n\n\n<figure class=\"wp-block-image size-large\"><img loading=\"lazy\" decoding=\"async\" width=\"1024\" height=\"684\" src=\"https:\/\/jetnfly.com\/wp-content\/uploads\/2025\/09\/Amsterdam-1024x684.jpg\" alt=\"\" class=\"wp-image-4779\" srcset=\"https:\/\/jetnfly.com\/wp-content\/uploads\/2025\/09\/Amsterdam-1024x684.jpg 1024w, https:\/\/jetnfly.com\/wp-content\/uploads\/2025\/09\/Amsterdam-300x200.jpg 300w, https:\/\/jetnfly.com\/wp-content\/uploads\/2025\/09\/Amsterdam-768x513.jpg 768w, https:\/\/jetnfly.com\/wp-content\/uploads\/2025\/09\/Amsterdam-1536x1026.jpg 1536w, https:\/\/jetnfly.com\/wp-content\/uploads\/2025\/09\/Amsterdam-2048x1368.jpg 2048w\" sizes=\"(max-width: 1024px) 100vw, 1024px\" \/><\/figure>\n\n\n\n<hr class=\"wp-block-separator has-alpha-channel-opacity\"\/>\n\n\n\n<h3 class=\"wp-block-heading\"><a><\/a><strong>Warum diesen Herbst mit dem Privatjet reisen?<\/strong><\/h3>\n\n\n\n<ul class=\"wp-block-list\">\n<li><strong>Zeitgewinn:<\/strong> Landen Sie direkt in der N\u00e4he Ihrer Wunschdestination \u2013 ganz nach Ihrem eigenen Zeitplan.<br><br><\/li>\n\n\n\n<li><strong>Flexibilit\u00e4t:<\/strong> Kombinieren Sie mehrere St\u00e4dte zu einer m\u00fchelosen, perfekt abgestimmten Rundreise.<br><br><\/li>\n\n\n\n<li><strong>Privatsph\u00e4re &amp; Komfort:<\/strong> Keine Menschenmengen, keine Warteschlangen \u2013 einfach ungest\u00f6rte Entspannung.<br><br><\/li>\n\n\n\n<li><strong>Individuelle Erlebnisse:<\/strong> Vom Bord-Catering bis zum stilvollen Bodentransfer \u2013 alles auf Ihre pers\u00f6nlichen W\u00fcnsche zugeschnitten.<br><br><\/li>\n<\/ul>\n\n\n\n<p><\/p>\n","protected":false},"excerpt":{"rendered":"<p>Wenn sich das Laub in leuchtendes Gold und tiefes Rot verwandelt, zeigt sich Europa von seiner vielleicht sch\u00f6nsten Seite. Der Herbst l\u00e4dt zu genussvollen Reisen ein \u2013 zu Spazierg\u00e4ngen durch still gewordene Altst\u00e4dte, zu kulturellen H\u00f6hepunkten und kulinarischen Erntefesten, fernab des sommerlichen Trubels. Wer diese Jahreszeit in vollen Z\u00fcgen erleben m\u00f6chte, reist am besten mit [&hellip;]<\/p>\n","protected":false},"author":1,"featured_media":4767,"comment_status":"closed","ping_status":"closed","sticky":false,"template":"","format":"standard","meta":{"_acf_changed":false,"footnotes":""},"categories":[29],"tags":[],"class_list":["post-4856","post","type-post","status-publish","format-standard","has-post-thumbnail","hentry","category-blog"],"acf":[],"yoast_head":"<!-- This site is optimized with the Yoast SEO plugin v27.2 - https:\/\/yoast.com\/product\/yoast-seo-wordpress\/ -->\n<title>5 Traumst\u00e4dte Europas Herbstreise | Privatjet St\u00e4dte Tour<\/title>\n<meta name=\"description\" content=\"Tauchen Sie ein in herbstliches Flair \u2013 Wien, Florenz, Prag, Barcelona &amp; Amsterdam. Geniessen Sie Kultur, Architektur und Gourmet Erlebnisse mit dem Komfort eines Privatjets.\" \/>\n<meta name=\"robots\" content=\"index, follow, max-snippet:-1, max-image-preview:large, max-video-preview:-1\" \/>\n<link rel=\"canonical\" href=\"https:\/\/jetnfly.com\/de\/5-europaische-stadte-die-sie-diesen-herbst-mit-dem-privatjet-entdecken-sollten\/\" \/>\n<meta property=\"og:locale\" content=\"de_DE\" \/>\n<meta property=\"og:type\" content=\"article\" \/>\n<meta property=\"og:title\" content=\"5 Traumst\u00e4dte Europas Herbstreise | Privatjet St\u00e4dte Tour\" \/>\n<meta property=\"og:description\" content=\"Tauchen Sie ein in herbstliches Flair \u2013 Wien, Florenz, Prag, Barcelona &amp; Amsterdam. Geniessen Sie Kultur, Architektur und Gourmet Erlebnisse mit dem Komfort eines Privatjets.\" \/>\n<meta property=\"og:url\" content=\"https:\/\/jetnfly.com\/de\/5-europaische-stadte-die-sie-diesen-herbst-mit-dem-privatjet-entdecken-sollten\/\" \/>\n<meta property=\"og:site_name\" content=\"JET&#039;N FLY\" \/>\n<meta property=\"article:publisher\" content=\"https:\/\/www.facebook.com\/jetnfly\" \/>\n<meta property=\"article:published_time\" content=\"2025-09-29T08:50:50+00:00\" \/>\n<meta property=\"article:modified_time\" content=\"2025-10-26T14:18:28+00:00\" \/>\n<meta property=\"og:image\" content=\"https:\/\/jetnfly.com\/wp-content\/uploads\/2025\/09\/Header-2-scaled.jpeg\" \/>\n\t<meta property=\"og:image:width\" content=\"2560\" \/>\n\t<meta property=\"og:image:height\" content=\"1707\" \/>\n\t<meta property=\"og:image:type\" content=\"image\/jpeg\" \/>\n<meta name=\"author\" content=\"milcomp\" \/>\n<meta name=\"twitter:card\" content=\"summary_large_image\" \/>\n<meta name=\"twitter:creator\" content=\"@JET_N_FLY\" \/>\n<meta name=\"twitter:site\" content=\"@JET_N_FLY\" \/>\n<meta name=\"twitter:label1\" content=\"Verfasst von\" \/>\n\t<meta name=\"twitter:data1\" content=\"milcomp\" \/>\n\t<meta name=\"twitter:label2\" content=\"Gesch\u00e4tzte Lesezeit\" \/>\n\t<meta name=\"twitter:data2\" content=\"4\u00a0Minuten\" \/>\n<script type=\"application\/ld+json\" class=\"yoast-schema-graph\">{\"@context\":\"https:\/\/schema.org\",\"@graph\":[{\"@type\":\"Article\",\"@id\":\"https:\/\/jetnfly.com\/de\/5-europaische-stadte-die-sie-diesen-herbst-mit-dem-privatjet-entdecken-sollten\/#article\",\"isPartOf\":{\"@id\":\"https:\/\/jetnfly.com\/de\/5-europaische-stadte-die-sie-diesen-herbst-mit-dem-privatjet-entdecken-sollten\/\"},\"author\":{\"name\":\"milcomp\",\"@id\":\"https:\/\/jetnfly.com\/de\/#\/schema\/person\/f0bffeaa0a7ef556292e4ba51471c44a\"},\"headline\":\"5 europ\u00e4ische St\u00e4dte, die Sie diesen Herbst mit dem Privatjet entdecken sollten\",\"datePublished\":\"2025-09-29T08:50:50+00:00\",\"dateModified\":\"2025-10-26T14:18:28+00:00\",\"mainEntityOfPage\":{\"@id\":\"https:\/\/jetnfly.com\/de\/5-europaische-stadte-die-sie-diesen-herbst-mit-dem-privatjet-entdecken-sollten\/\"},\"wordCount\":714,\"publisher\":{\"@id\":\"https:\/\/jetnfly.com\/de\/#organization\"},\"image\":{\"@id\":\"https:\/\/jetnfly.com\/de\/5-europaische-stadte-die-sie-diesen-herbst-mit-dem-privatjet-entdecken-sollten\/#primaryimage\"},\"thumbnailUrl\":\"https:\/\/jetnfly.com\/wp-content\/uploads\/2025\/09\/Header-2-scaled.jpeg\",\"articleSection\":[\"Blog\"],\"inLanguage\":\"de\"},{\"@type\":\"WebPage\",\"@id\":\"https:\/\/jetnfly.com\/de\/5-europaische-stadte-die-sie-diesen-herbst-mit-dem-privatjet-entdecken-sollten\/\",\"url\":\"https:\/\/jetnfly.com\/de\/5-europaische-stadte-die-sie-diesen-herbst-mit-dem-privatjet-entdecken-sollten\/\",\"name\":\"5 Traumst\u00e4dte Europas Herbstreise | Privatjet St\u00e4dte Tour\",\"isPartOf\":{\"@id\":\"https:\/\/jetnfly.com\/de\/#website\"},\"primaryImageOfPage\":{\"@id\":\"https:\/\/jetnfly.com\/de\/5-europaische-stadte-die-sie-diesen-herbst-mit-dem-privatjet-entdecken-sollten\/#primaryimage\"},\"image\":{\"@id\":\"https:\/\/jetnfly.com\/de\/5-europaische-stadte-die-sie-diesen-herbst-mit-dem-privatjet-entdecken-sollten\/#primaryimage\"},\"thumbnailUrl\":\"https:\/\/jetnfly.com\/wp-content\/uploads\/2025\/09\/Header-2-scaled.jpeg\",\"datePublished\":\"2025-09-29T08:50:50+00:00\",\"dateModified\":\"2025-10-26T14:18:28+00:00\",\"description\":\"Tauchen Sie ein in herbstliches Flair \u2013 Wien, Florenz, Prag, Barcelona & Amsterdam. Geniessen Sie Kultur, Architektur und Gourmet Erlebnisse mit dem Komfort eines Privatjets.\",\"breadcrumb\":{\"@id\":\"https:\/\/jetnfly.com\/de\/5-europaische-stadte-die-sie-diesen-herbst-mit-dem-privatjet-entdecken-sollten\/#breadcrumb\"},\"inLanguage\":\"de\",\"potentialAction\":[{\"@type\":\"ReadAction\",\"target\":[\"https:\/\/jetnfly.com\/de\/5-europaische-stadte-die-sie-diesen-herbst-mit-dem-privatjet-entdecken-sollten\/\"]}]},{\"@type\":\"ImageObject\",\"inLanguage\":\"de\",\"@id\":\"https:\/\/jetnfly.com\/de\/5-europaische-stadte-die-sie-diesen-herbst-mit-dem-privatjet-entdecken-sollten\/#primaryimage\",\"url\":\"https:\/\/jetnfly.com\/wp-content\/uploads\/2025\/09\/Header-2-scaled.jpeg\",\"contentUrl\":\"https:\/\/jetnfly.com\/wp-content\/uploads\/2025\/09\/Header-2-scaled.jpeg\",\"width\":2560,\"height\":1707,\"caption\":\"Mature business woman in coat near her jet in airport\"},{\"@type\":\"BreadcrumbList\",\"@id\":\"https:\/\/jetnfly.com\/de\/5-europaische-stadte-die-sie-diesen-herbst-mit-dem-privatjet-entdecken-sollten\/#breadcrumb\",\"itemListElement\":[{\"@type\":\"ListItem\",\"position\":1,\"name\":\"Home\",\"item\":\"https:\/\/jetnfly.com\/de\/\"},{\"@type\":\"ListItem\",\"position\":2,\"name\":\"5 europ\u00e4ische St\u00e4dte, die Sie diesen Herbst mit dem Privatjet entdecken sollten\"}]},{\"@type\":\"WebSite\",\"@id\":\"https:\/\/jetnfly.com\/de\/#website\",\"url\":\"https:\/\/jetnfly.com\/de\/\",\"name\":\"JET'N FLY\",\"description\":\"PRIVATE JET CHARTER - FLY YOUR WAY\",\"publisher\":{\"@id\":\"https:\/\/jetnfly.com\/de\/#organization\"},\"potentialAction\":[{\"@type\":\"SearchAction\",\"target\":{\"@type\":\"EntryPoint\",\"urlTemplate\":\"https:\/\/jetnfly.com\/de\/?s={search_term_string}\"},\"query-input\":{\"@type\":\"PropertyValueSpecification\",\"valueRequired\":true,\"valueName\":\"search_term_string\"}}],\"inLanguage\":\"de\"},{\"@type\":\"Organization\",\"@id\":\"https:\/\/jetnfly.com\/de\/#organization\",\"name\":\"JET'N FLY\",\"url\":\"https:\/\/jetnfly.com\/de\/\",\"logo\":{\"@type\":\"ImageObject\",\"inLanguage\":\"de\",\"@id\":\"https:\/\/jetnfly.com\/de\/#\/schema\/logo\/image\/\",\"url\":\"https:\/\/jetnfly.com\/wp-content\/uploads\/2024\/08\/cropped-header-logo-e1724495855745.png\",\"contentUrl\":\"https:\/\/jetnfly.com\/wp-content\/uploads\/2024\/08\/cropped-header-logo-e1724495855745.png\",\"width\":512,\"height\":512,\"caption\":\"JET'N FLY\"},\"image\":{\"@id\":\"https:\/\/jetnfly.com\/de\/#\/schema\/logo\/image\/\"},\"sameAs\":[\"https:\/\/www.facebook.com\/jetnfly\",\"https:\/\/x.com\/JET_N_FLY\"]},{\"@type\":\"Person\",\"@id\":\"https:\/\/jetnfly.com\/de\/#\/schema\/person\/f0bffeaa0a7ef556292e4ba51471c44a\",\"name\":\"milcomp\",\"image\":{\"@type\":\"ImageObject\",\"inLanguage\":\"de\",\"@id\":\"https:\/\/secure.gravatar.com\/avatar\/9cc838ace1dc4f692c23ff951e542273165e1076982fe90e36be7f01a4f1d4e8?s=96&d=mm&r=g\",\"url\":\"https:\/\/secure.gravatar.com\/avatar\/9cc838ace1dc4f692c23ff951e542273165e1076982fe90e36be7f01a4f1d4e8?s=96&d=mm&r=g\",\"contentUrl\":\"https:\/\/secure.gravatar.com\/avatar\/9cc838ace1dc4f692c23ff951e542273165e1076982fe90e36be7f01a4f1d4e8?s=96&d=mm&r=g\",\"caption\":\"milcomp\"},\"sameAs\":[\"https:\/\/jetnfly.com\"],\"url\":\"https:\/\/jetnfly.com\/de\/author\/milcomp\/\"}]}<\/script>\n<!-- \/ Yoast SEO plugin. -->","yoast_head_json":{"title":"5 Traumst\u00e4dte Europas Herbstreise | Privatjet St\u00e4dte Tour","description":"Tauchen Sie ein in herbstliches Flair \u2013 Wien, Florenz, Prag, Barcelona & Amsterdam. Geniessen Sie Kultur, Architektur und Gourmet Erlebnisse mit dem Komfort eines Privatjets.","robots":{"index":"index","follow":"follow","max-snippet":"max-snippet:-1","max-image-preview":"max-image-preview:large","max-video-preview":"max-video-preview:-1"},"canonical":"https:\/\/jetnfly.com\/de\/5-europaische-stadte-die-sie-diesen-herbst-mit-dem-privatjet-entdecken-sollten\/","og_locale":"de_DE","og_type":"article","og_title":"5 Traumst\u00e4dte Europas Herbstreise | Privatjet St\u00e4dte Tour","og_description":"Tauchen Sie ein in herbstliches Flair \u2013 Wien, Florenz, Prag, Barcelona & Amsterdam. Geniessen Sie Kultur, Architektur und Gourmet Erlebnisse mit dem Komfort eines Privatjets.","og_url":"https:\/\/jetnfly.com\/de\/5-europaische-stadte-die-sie-diesen-herbst-mit-dem-privatjet-entdecken-sollten\/","og_site_name":"JET&#039;N FLY","article_publisher":"https:\/\/www.facebook.com\/jetnfly","article_published_time":"2025-09-29T08:50:50+00:00","article_modified_time":"2025-10-26T14:18:28+00:00","og_image":[{"width":2560,"height":1707,"url":"https:\/\/jetnfly.com\/wp-content\/uploads\/2025\/09\/Header-2-scaled.jpeg","type":"image\/jpeg"}],"author":"milcomp","twitter_card":"summary_large_image","twitter_creator":"@JET_N_FLY","twitter_site":"@JET_N_FLY","twitter_misc":{"Verfasst von":"milcomp","Gesch\u00e4tzte Lesezeit":"4\u00a0Minuten"},"schema":{"@context":"https:\/\/schema.org","@graph":[{"@type":"Article","@id":"https:\/\/jetnfly.com\/de\/5-europaische-stadte-die-sie-diesen-herbst-mit-dem-privatjet-entdecken-sollten\/#article","isPartOf":{"@id":"https:\/\/jetnfly.com\/de\/5-europaische-stadte-die-sie-diesen-herbst-mit-dem-privatjet-entdecken-sollten\/"},"author":{"name":"milcomp","@id":"https:\/\/jetnfly.com\/de\/#\/schema\/person\/f0bffeaa0a7ef556292e4ba51471c44a"},"headline":"5 europ\u00e4ische St\u00e4dte, die Sie diesen Herbst mit dem Privatjet entdecken sollten","datePublished":"2025-09-29T08:50:50+00:00","dateModified":"2025-10-26T14:18:28+00:00","mainEntityOfPage":{"@id":"https:\/\/jetnfly.com\/de\/5-europaische-stadte-die-sie-diesen-herbst-mit-dem-privatjet-entdecken-sollten\/"},"wordCount":714,"publisher":{"@id":"https:\/\/jetnfly.com\/de\/#organization"},"image":{"@id":"https:\/\/jetnfly.com\/de\/5-europaische-stadte-die-sie-diesen-herbst-mit-dem-privatjet-entdecken-sollten\/#primaryimage"},"thumbnailUrl":"https:\/\/jetnfly.com\/wp-content\/uploads\/2025\/09\/Header-2-scaled.jpeg","articleSection":["Blog"],"inLanguage":"de"},{"@type":"WebPage","@id":"https:\/\/jetnfly.com\/de\/5-europaische-stadte-die-sie-diesen-herbst-mit-dem-privatjet-entdecken-sollten\/","url":"https:\/\/jetnfly.com\/de\/5-europaische-stadte-die-sie-diesen-herbst-mit-dem-privatjet-entdecken-sollten\/","name":"5 Traumst\u00e4dte Europas Herbstreise | Privatjet St\u00e4dte Tour","isPartOf":{"@id":"https:\/\/jetnfly.com\/de\/#website"},"primaryImageOfPage":{"@id":"https:\/\/jetnfly.com\/de\/5-europaische-stadte-die-sie-diesen-herbst-mit-dem-privatjet-entdecken-sollten\/#primaryimage"},"image":{"@id":"https:\/\/jetnfly.com\/de\/5-europaische-stadte-die-sie-diesen-herbst-mit-dem-privatjet-entdecken-sollten\/#primaryimage"},"thumbnailUrl":"https:\/\/jetnfly.com\/wp-content\/uploads\/2025\/09\/Header-2-scaled.jpeg","datePublished":"2025-09-29T08:50:50+00:00","dateModified":"2025-10-26T14:18:28+00:00","description":"Tauchen Sie ein in herbstliches Flair \u2013 Wien, Florenz, Prag, Barcelona & Amsterdam. Geniessen Sie Kultur, Architektur und Gourmet Erlebnisse mit dem Komfort eines Privatjets.","breadcrumb":{"@id":"https:\/\/jetnfly.com\/de\/5-europaische-stadte-die-sie-diesen-herbst-mit-dem-privatjet-entdecken-sollten\/#breadcrumb"},"inLanguage":"de","potentialAction":[{"@type":"ReadAction","target":["https:\/\/jetnfly.com\/de\/5-europaische-stadte-die-sie-diesen-herbst-mit-dem-privatjet-entdecken-sollten\/"]}]},{"@type":"ImageObject","inLanguage":"de","@id":"https:\/\/jetnfly.com\/de\/5-europaische-stadte-die-sie-diesen-herbst-mit-dem-privatjet-entdecken-sollten\/#primaryimage","url":"https:\/\/jetnfly.com\/wp-content\/uploads\/2025\/09\/Header-2-scaled.jpeg","contentUrl":"https:\/\/jetnfly.com\/wp-content\/uploads\/2025\/09\/Header-2-scaled.jpeg","width":2560,"height":1707,"caption":"Mature business woman in coat near her jet in airport"},{"@type":"BreadcrumbList","@id":"https:\/\/jetnfly.com\/de\/5-europaische-stadte-die-sie-diesen-herbst-mit-dem-privatjet-entdecken-sollten\/#breadcrumb","itemListElement":[{"@type":"ListItem","position":1,"name":"Home","item":"https:\/\/jetnfly.com\/de\/"},{"@type":"ListItem","position":2,"name":"5 europ\u00e4ische St\u00e4dte, die Sie diesen Herbst mit dem Privatjet entdecken sollten"}]},{"@type":"WebSite","@id":"https:\/\/jetnfly.com\/de\/#website","url":"https:\/\/jetnfly.com\/de\/","name":"JET'N FLY","description":"PRIVATE JET CHARTER - FLY YOUR WAY","publisher":{"@id":"https:\/\/jetnfly.com\/de\/#organization"},"potentialAction":[{"@type":"SearchAction","target":{"@type":"EntryPoint","urlTemplate":"https:\/\/jetnfly.com\/de\/?s={search_term_string}"},"query-input":{"@type":"PropertyValueSpecification","valueRequired":true,"valueName":"search_term_string"}}],"inLanguage":"de"},{"@type":"Organization","@id":"https:\/\/jetnfly.com\/de\/#organization","name":"JET'N FLY","url":"https:\/\/jetnfly.com\/de\/","logo":{"@type":"ImageObject","inLanguage":"de","@id":"https:\/\/jetnfly.com\/de\/#\/schema\/logo\/image\/","url":"https:\/\/jetnfly.com\/wp-content\/uploads\/2024\/08\/cropped-header-logo-e1724495855745.png","contentUrl":"https:\/\/jetnfly.com\/wp-content\/uploads\/2024\/08\/cropped-header-logo-e1724495855745.png","width":512,"height":512,"caption":"JET'N FLY"},"image":{"@id":"https:\/\/jetnfly.com\/de\/#\/schema\/logo\/image\/"},"sameAs":["https:\/\/www.facebook.com\/jetnfly","https:\/\/x.com\/JET_N_FLY"]},{"@type":"Person","@id":"https:\/\/jetnfly.com\/de\/#\/schema\/person\/f0bffeaa0a7ef556292e4ba51471c44a","name":"milcomp","image":{"@type":"ImageObject","inLanguage":"de","@id":"https:\/\/secure.gravatar.com\/avatar\/9cc838ace1dc4f692c23ff951e542273165e1076982fe90e36be7f01a4f1d4e8?s=96&d=mm&r=g","url":"https:\/\/secure.gravatar.com\/avatar\/9cc838ace1dc4f692c23ff951e542273165e1076982fe90e36be7f01a4f1d4e8?s=96&d=mm&r=g","contentUrl":"https:\/\/secure.gravatar.com\/avatar\/9cc838ace1dc4f692c23ff951e542273165e1076982fe90e36be7f01a4f1d4e8?s=96&d=mm&r=g","caption":"milcomp"},"sameAs":["https:\/\/jetnfly.com"],"url":"https:\/\/jetnfly.com\/de\/author\/milcomp\/"}]}},"_links":{"self":[{"href":"https:\/\/jetnfly.com\/de\/wp-json\/wp\/v2\/posts\/4856","targetHints":{"allow":["GET"]}}],"collection":[{"href":"https:\/\/jetnfly.com\/de\/wp-json\/wp\/v2\/posts"}],"about":[{"href":"https:\/\/jetnfly.com\/de\/wp-json\/wp\/v2\/types\/post"}],"author":[{"embeddable":true,"href":"https:\/\/jetnfly.com\/de\/wp-json\/wp\/v2\/users\/1"}],"replies":[{"embeddable":true,"href":"https:\/\/jetnfly.com\/de\/wp-json\/wp\/v2\/comments?post=4856"}],"version-history":[{"count":5,"href":"https:\/\/jetnfly.com\/de\/wp-json\/wp\/v2\/posts\/4856\/revisions"}],"predecessor-version":[{"id":4964,"href":"https:\/\/jetnfly.com\/de\/wp-json\/wp\/v2\/posts\/4856\/revisions\/4964"}],"wp:featuredmedia":[{"embeddable":true,"href":"https:\/\/jetnfly.com\/de\/wp-json\/wp\/v2\/media\/4767"}],"wp:attachment":[{"href":"https:\/\/jetnfly.com\/de\/wp-json\/wp\/v2\/media?parent=4856"}],"wp:term":[{"taxonomy":"category","embeddable":true,"href":"https:\/\/jetnfly.com\/de\/wp-json\/wp\/v2\/categories?post=4856"},{"taxonomy":"post_tag","embeddable":true,"href":"https:\/\/jetnfly.com\/de\/wp-json\/wp\/v2\/tags?post=4856"}],"curies":[{"name":"wp","href":"https:\/\/api.w.org\/{rel}","templated":true}]}}